{"id":1711,"date":"2012-01-29T21:24:38","date_gmt":"2012-01-29T21:24:38","guid":{"rendered":"http:\/\/www.ingeta.com\/?p=1711"},"modified":"2012-01-29T21:24:38","modified_gmt":"2012-01-29T21:24:38","slug":"france-bordeaux-orleans-la-province-sest-egalement-mobilisee-le-28-janvier-2012","status":"publish","type":"post","link":"https:\/\/congolobilelo.com\/IN\/france-bordeaux-orleans-la-province-sest-egalement-mobilisee-le-28-janvier-2012\/","title":{"rendered":"France: Bordeaux, Orl\u00e9ans. La province s&#8217;est \u00e9galement mobilis\u00e9e, le 28 janvier 2012."},"content":{"rendered":"<p>\t\t\t\tLa diaspora congolaise de Bordeaux et d&#8217;Orl\u00e9ans s&#8217;est mobilis\u00e9e le samedi 28 janvier 2012 pour d\u00e9noncer le Hold-up \u00e9lectoral, les viols et le  g\u00e9nocide en R\u00e9publique D\u00e9mocratique du Congo.<\/p>\n<p><strong>Manifestation \u00e0 Bordeaux:<\/strong><br \/>\n<iframe loading=\"lazy\" width=\"560\" height=\"315\" src=\"http:\/\/www.youtube.com\/embed\/03nzD9S5ogA\" frameborder=\"0\" allowfullscreen><\/iframe><\/p>\n<p><strong>Manifestation \u00e0 Orl\u00e9ans:<\/strong><br \/>\n<iframe loading=\"lazy\" width=\"480\" height=\"360\" src=\"http:\/\/www.youtube.com\/embed\/L7GEs7S1pYk\" frameborder=\"0\" allowfullscreen><\/iframe><\/p>\n<p><iframe loading=\"lazy\" width=\"480\" height=\"360\" src=\"http:\/\/www.youtube.com\/embed\/yYUjSb94hmU\" frameborder=\"0\" allowfullscreen><\/iframe><\/p>\n<p><strong>Manifestation \u00e0 Strasbourg:<\/strong><br \/>\n<iframe loading=\"lazy\" width=\"560\" height=\"315\" src=\"http:\/\/www.youtube.com\/embed\/oK4F7u9d22k\" frameborder=\"0\" allowfullscreen><\/iframe><\/p>\n","protected":false},"excerpt":{"rendered":"<p>La diaspora congolaise de Bordeaux et d&#8217;Orl\u00e9ans s&#8217;est mobilis\u00e9e le samedi 28 janvier 2012 pour d\u00e9noncer le Hold-up \u00e9lectoral, les viols et le g\u00e9nocide en R\u00e9publique D\u00e9mocratique du Congo. Manifestation \u00e0 Bordeaux: Manifestation \u00e0 Orl\u00e9ans: Manifestation \u00e0 Strasbourg:<\/p>\n","protected":false},"author":1,"featured_media":1712,"comment_status":"open","ping_status":"open","sticky":false,"template":"","format":"standard","meta":{"_acf_changed":false,"content-type":"","footnotes":""},"categories":[156,116,124],"tags":[],"class_list":["post-1711","post","type-post","status-publish","format-standard","has-post-thumbnail","hentry","category-france","category-manifs","category-politique-societe"],"acf":[],"_links":{"self":[{"href":"https:\/\/congolobilelo.com\/IN\/wp-json\/wp\/v2\/posts\/1711","targetHints":{"allow":["GET"]}}],"collection":[{"href":"https:\/\/congolobilelo.com\/IN\/wp-json\/wp\/v2\/posts"}],"about":[{"href":"https:\/\/congolobilelo.com\/IN\/wp-json\/wp\/v2\/types\/post"}],"author":[{"embeddable":true,"href":"https:\/\/congolobilelo.com\/IN\/wp-json\/wp\/v2\/users\/1"}],"replies":[{"embeddable":true,"href":"https:\/\/congolobilelo.com\/IN\/wp-json\/wp\/v2\/comments?post=1711"}],"version-history":[{"count":0,"href":"https:\/\/congolobilelo.com\/IN\/wp-json\/wp\/v2\/posts\/1711\/revisions"}],"wp:featuredmedia":[{"embeddable":true,"href":"https:\/\/congolobilelo.com\/IN\/wp-json\/"}],"wp:attachment":[{"href":"https:\/\/congolobilelo.com\/IN\/wp-json\/wp\/v2\/media?parent=1711"}],"wp:term":[{"taxonomy":"category","embeddable":true,"href":"https:\/\/congolobilelo.com\/IN\/wp-json\/wp\/v2\/categories?post=1711"},{"taxonomy":"post_tag","embeddable":true,"href":"https:\/\/congolobilelo.com\/IN\/wp-json\/wp\/v2\/tags?post=1711"}],"curies":[{"name":"wp","href":"https:\/\/api.w.org\/{rel}","templated":true}]}}