{"id":1703,"date":"2012-01-29T20:02:09","date_gmt":"2012-01-29T20:02:09","guid":{"rendered":"http:\/\/www.ingeta.com\/?p=1703"},"modified":"2012-01-29T20:02:09","modified_gmt":"2012-01-29T20:02:09","slug":"belgique-la-mobilisation-se-poursuit-retour-en-images-sur-les-manifestations-du-28-janvier-2012","status":"publish","type":"post","link":"https:\/\/congolobilelo.com\/IN\/belgique-la-mobilisation-se-poursuit-retour-en-images-sur-les-manifestations-du-28-janvier-2012\/","title":{"rendered":"Belgique: La mobilisation se poursuit. Retour sur les manifestations du 28 janvier 2012"},"content":{"rendered":"<p>\t\t\t\t<em>Compte rendu (textes) par <a href=\"http:\/\/www.cheikfitanews.net\/article-bruxelles-et-anvers-des-centaines-de-congolais-manifestent-contre-le-hold-up-electoral-de-kabila-et-98103199.html\">Cheik Fita<\/a>. Le 28 janvier 2012.<\/em><\/p>\n<p><em><strong>Des centaines de congolais de Belgique se sont retrouv\u00e9s le samedi 28 janvier 2012 entre 14h et 18h00 \u00e0 Anvers pour un sit-in contre le pillage de la RD Congo, et \u00e0 Bruxelles, contre le hold-up \u00e9lectoral de Kabila.<\/strong><\/em><\/p>\n<p><strong>\u00a0Bruxelles, rancune contre la RTBF<\/strong><br \/>\n<img loading=\"lazy\" decoding=\"async\" class=\"alignleft size-medium wp-image-1704\" title=\"28012012\" src=\"http:\/\/www.ingeta.com\/wp-content\/uploads\/2012\/01\/28012012-300x189.jpg\" alt=\"\" width=\"300\" height=\"189\" \/>\u00c0 Bruxelles, c\u2019est une marche qui\u00a0 a eu lieu avec comme point de d\u00e9part, la gare du Nord et point de chute, le palais de justice.<br \/>\nAvant que la marche ne commence, notre confr\u00e8re <a href=\"http:\/\/www.rtbf.be\/video\/v_jt-19h30?id=1594083&amp;category=info\" target=\"_blank\" rel=\"noopener\">Bernard Lepla de la RTBF et son \u00e9quipe<\/a>\u00a0 arrivent.<br \/>\nUn groupe de manifestants s\u2019opposent \u00e0 leur pr\u00e9sence et \u00e9conduisent les confr\u00e8res. Raisons ? Le traitement de l\u2019information de la RD Congo serait pro-Kabiliste sur leur cha\u00eene.<br \/>\nLes journalistes ne d\u00e9sarmeront pas pour autant. Durant longtemps, ils essaieront de <a href=\"http:\/\/www.rtbf.be\/video\/v_jt-19h30?id=1594083&amp;category=info\" target=\"_blank\" rel=\"noopener\">couvrir\u00a0 la marche<\/a>.<br \/>\nLe parcours de la marche offrait une grande visibilit\u00e9 : Place Rogier, gare centrale, Mont des Arts et enfin palais de justice. Durant le parcours, plusieurs belges voulaient conna\u00eetre la raison de la marche. Des manifestants expliquaient\u00a0 volontiers la situation en RD Congo qui se r\u00e9sumait en ceci:<br \/>\n\u00ab Il y a eu en RD Congo une \u00e9lection pr\u00e9sidentielle qui a \u00e9t\u00e9 remport\u00e9e par monsieur Etienne Tshisekedi, le candidat de l\u2019opposition. Le Pr\u00e9sident sortant, conscient de son bilan n\u00e9gatif a pris le devant en mettant en place une v\u00e9ritable machine \u00e0 fraude. Malheureusement, le gouvernement belge soutient le fraudeur ! \u00bb<br \/>\nDurant les derniers six cents m\u00e8tres, sur l\u2019avenue royale, les manifestants marcheront en silence, bouche scotch\u00e9e, pour illustrer le silence assourdissant de la communaut\u00e9 internationale face \u00e0 la trag\u00e9die congolaise.<\/p>\n<p>Il sied de signaler la pr\u00e9sence d&#8217;une d\u00e9l\u00e9gation venue d&#8217;Allemagne.<\/p>\n<p><strong><em>D\u00e9put\u00e9 Laurent Louis, star<\/em><\/strong><br \/>\nDevant le palais de justice, les organisateurs remercieront les manifestants pour l\u2019affluence et la discipline. Parole sera donn\u00e9e \u00e0 un invit\u00e9 d\u2019honneur : le d\u00e9put\u00e9 f\u00e9d\u00e9ral Laurent Louis, pr\u00e9sident du MLD. Il \u00e9tait dans la marche du d\u00e9but \u00e0 la fin. De Kabila, Laurent Louis dira qu\u2019il est aux abois avec comme porte de sortie, la fuite, ses soutiens ext\u00e9rieurs l\u2019ayant l\u00e2ch\u00e9. Il fustigera le comportement de la classe politique belge face au probl\u00e8me congolais, et le manque de\u00a0 courage de la Belgique pour reconna\u00eetre l\u2019exploitation du Congo durant des d\u00e9cennies. Devenu populaire dans la communaut\u00e9 congolaise depuis son intervention tonitruante au parlement face au ministre des affaires \u00e9trang\u00e8res, le d\u00e9put\u00e9 sera tr\u00e8s applaudi.<\/p>\n<p><em><strong>Police discr\u00e8te<\/strong><\/em><br \/>\n\u00c0 17h30, la manifestation se dispersera dans le calme. La police aura \u00e9t\u00e9 tr\u00e8s discr\u00e8te, presqu\u2019invisible, \u00e0 part quelques agents en civil et ceux qui r\u00e9glaient la circulation aux carrefours.<\/p>\n<p>Congolais vivant \u00e0 l\u2019\u00e9tranger, debout<br \/>\nDeux mois apr\u00e8s les \u00e9lections, la mobilisation contre le hold-up \u00e9lectoral de Kabila n\u2019a pas faibli dans la communaut\u00e9 congolaise de l\u2019\u00e9tranger. D\u2019autres marches sont pr\u00e9vues un peu partout : Mechelen, Berlin, Bruxelles\u2026.<\/p>\n<p>Objectif : le d\u00e9part de Joseph Kabila du pouvoir.<\/p>\n<p><strong>Manifestation \u00e0 Bruxelles:<\/strong><br \/>\n<iframe loading=\"lazy\" src=\"http:\/\/www.youtube.com\/embed\/8H_0udgF_oY\" frameborder=\"0\" width=\"480\" height=\"360\"><\/iframe><\/p>\n<p><iframe loading=\"lazy\" src=\"http:\/\/www.dailymotion.com\/embed\/video\/xo4lqr\" frameborder=\"0\" width=\"560\" height=\"315\"><\/iframe><br \/>\n<a href=\"http:\/\/www.dailymotion.com\/video\/xo4lqr_marche-de-bruxelles-contre-hold-up-electoral-de-kabila-28-01-2012_news\" target=\"_blank\" rel=\"noopener\">MARCHE DE BRUXELLES CONTRE HOLD-UP ELECTORAL DE&#8230;<\/a> <em>par <a href=\"http:\/\/www.dailymotion.com\/CONGOLAISDEBELGIQUEINFO\" target=\"_blank\" rel=\"noopener\">CONGOLAISDEBELGIQUEINFO<\/a><\/em><\/p>\n<p><strong>Manifestation \u00e0 Anvers:<\/strong><\/p>\n<p><em>Anvers, halte aux minerais de sang<\/em><br \/>\n\u00c0 Anvers, la manifestation a consist\u00e9 en un sit-in pour d\u00e9noncer les multinationales qui s\u2019enrichissent dans la production d\u2019appareils de communication dont une des composantes provient de la RD Congo : le coltan.<br \/>\nProbl\u00e8me, ce minerai est non seulement exploit\u00e9 et vendu\u00a0 ill\u00e9galement, mais dans sa cha\u00eene de production, des congolaises sont victimes de viols et d\u2019assassinats de la part des groupes arm\u00e9s qui pullulent dans le coin. Ces multinationales sont ainsi des alli\u00e9s dans l\u2019ombre des ennemis du peuple congolais. Symboliquement, des appareils de communication et de musique ont \u00e9t\u00e9 cass\u00e9s et d\u00e9truits. Des CD et DVD de certains\u00a0 musiciens sont \u00e9galement pass\u00e9s \u00e0 la casse. Plusieurs de ces musiciens, par cupidit\u00e9 ont soutenu le Pr\u00e9sident sortant aux \u00e9lections pass\u00e9es. Cons\u00e9quence pour eux, embargo ind\u00e9fini.<br \/>\n<iframe loading=\"lazy\" src=\"http:\/\/www.youtube.com\/embed\/EogPHOBDOic\" frameborder=\"0\" width=\"560\" height=\"315\"><\/iframe><\/p>\n<p><iframe loading=\"lazy\" src=\"http:\/\/www.youtube.com\/embed\/iN4JvdfH7Xw\" frameborder=\"0\" width=\"560\" height=\"315\"><\/iframe><\/p>\n<p>&nbsp;<\/p>\n<p><strong>Journal de 20h de la RTBF, le 28 janvier 2012:<\/strong><br \/>\n<a href=\"http:\/\/www.rtbf.be\/video\/v_jt-19h30?id=1594083&#038;category=info\">http:\/\/www.rtbf.be\/video\/v_jt-19h30?id=1594083&amp;category=info<\/a>\t\t<\/p>\n","protected":false},"excerpt":{"rendered":"<p>Compte rendu (textes) par Cheik Fita. Le 28 janvier 2012. Des centaines de congolais de Belgique se sont retrouv\u00e9s le samedi 28 janvier 2012 entre 14h et 18h00 \u00e0 Anvers pour un sit-in contre le pillage de la RD Congo, et \u00e0 Bruxelles, contre le hold-up \u00e9lectoral de Kabila. \u00a0Bruxelles, rancune contre la RTBF \u00c0 [&hellip;]<\/p>\n","protected":false},"author":1,"featured_media":1704,"comment_status":"open","ping_status":"open","sticky":false,"template":"","format":"standard","meta":{"_acf_changed":false,"content-type":"","footnotes":""},"categories":[167,116,124],"tags":[],"class_list":["post-1703","post","type-post","status-publish","format-standard","has-post-thumbnail","hentry","category-belgique","category-manifs","category-politique-societe"],"acf":[],"_links":{"self":[{"href":"https:\/\/congolobilelo.com\/IN\/wp-json\/wp\/v2\/posts\/1703","targetHints":{"allow":["GET"]}}],"collection":[{"href":"https:\/\/congolobilelo.com\/IN\/wp-json\/wp\/v2\/posts"}],"about":[{"href":"https:\/\/congolobilelo.com\/IN\/wp-json\/wp\/v2\/types\/post"}],"author":[{"embeddable":true,"href":"https:\/\/congolobilelo.com\/IN\/wp-json\/wp\/v2\/users\/1"}],"replies":[{"embeddable":true,"href":"https:\/\/congolobilelo.com\/IN\/wp-json\/wp\/v2\/comments?post=1703"}],"version-history":[{"count":0,"href":"https:\/\/congolobilelo.com\/IN\/wp-json\/wp\/v2\/posts\/1703\/revisions"}],"wp:featuredmedia":[{"embeddable":true,"href":"https:\/\/congolobilelo.com\/IN\/wp-json\/"}],"wp:attachment":[{"href":"https:\/\/congolobilelo.com\/IN\/wp-json\/wp\/v2\/media?parent=1703"}],"wp:term":[{"taxonomy":"category","embeddable":true,"href":"https:\/\/congolobilelo.com\/IN\/wp-json\/wp\/v2\/categories?post=1703"},{"taxonomy":"post_tag","embeddable":true,"href":"https:\/\/congolobilelo.com\/IN\/wp-json\/wp\/v2\/tags?post=1703"}],"curies":[{"name":"wp","href":"https:\/\/api.w.org\/{rel}","templated":true}]}}