{"id":1677,"date":"2012-01-28T10:43:07","date_gmt":"2012-01-28T10:43:07","guid":{"rendered":"http:\/\/www.ingeta.com\/?p=1677"},"modified":"2012-01-28T10:43:07","modified_gmt":"2012-01-28T10:43:07","slug":"afrique-du-sud-les-congolais-de-londres-et-de-paris-interpellent-zuma","status":"publish","type":"post","link":"https:\/\/congolobilelo.com\/IN\/afrique-du-sud-les-congolais-de-londres-et-de-paris-interpellent-zuma\/","title":{"rendered":"Afrique du Sud: Les congolais de Londres et de Paris interpellent Zuma"},"content":{"rendered":"<p>\t\t\t\tLe 27 janvier 2012, les congolais ont d\u00e9cid\u00e9 de manifester devant les ambassades d&#8217;Afrique du Sud \u00e0 Londres et \u00e0 Paris contre les arrestations abusives des congolais en Afrique du Sud et contre le r\u00f4le n\u00e9faste de l&#8217;Afrique du Sud en R\u00e9publique D\u00e9mocratique du Congo.<\/p>\n<p>Zuma semble avoir oubli\u00e9 que le combat de l&#8217;ANC contre l&#8217;Apartheid ne s&#8217;est pas fait qu&#8217;en Afrique en Sud. Il est tout \u00e0 fait l\u00e9gitime que les Congolais lui fassent un rappel historique.<\/p>\n<p><strong>Manifestation devant l&#8217;ambassade de l&#8217;Afrique du Sud \u00e0 Londres:<\/strong><br \/>\n<iframe loading=\"lazy\" src=\"http:\/\/www.youtube.com\/embed\/I0kT_MBAQxQ\" frameborder=\"0\" width=\"560\" height=\"315\"><\/iframe><\/p>\n<p>&nbsp;<\/p>\n<p><strong>Manifestation devant l&#8217;ambassade de l&#8217;Afrique du Sud \u00e0 Paris:<\/strong><br \/>\n<iframe loading=\"lazy\" src=\"http:\/\/www.youtube.com\/embed\/SdXotetLNEU\" frameborder=\"0\" width=\"480\" height=\"360\"><\/iframe>\t\t<\/p>\n","protected":false},"excerpt":{"rendered":"<p>Le 27 janvier 2012, les congolais ont d\u00e9cid\u00e9 de manifester devant les ambassades d&#8217;Afrique du Sud \u00e0 Londres et \u00e0 Paris contre les arrestations abusives des congolais en Afrique du Sud et contre le r\u00f4le n\u00e9faste de l&#8217;Afrique du Sud en R\u00e9publique D\u00e9mocratique du Congo. Zuma semble avoir oubli\u00e9 que le combat de l&#8217;ANC contre [&hellip;]<\/p>\n","protected":false},"author":1,"featured_media":1678,"comment_status":"open","ping_status":"open","sticky":false,"template":"","format":"standard","meta":{"_acf_changed":false,"content-type":"","footnotes":""},"categories":[156,116,124,163],"tags":[],"class_list":["post-1677","post","type-post","status-publish","format-standard","has-post-thumbnail","hentry","category-france","category-manifs","category-politique-societe","category-royaume-uni-irlande"],"acf":[],"_links":{"self":[{"href":"https:\/\/congolobilelo.com\/IN\/wp-json\/wp\/v2\/posts\/1677","targetHints":{"allow":["GET"]}}],"collection":[{"href":"https:\/\/congolobilelo.com\/IN\/wp-json\/wp\/v2\/posts"}],"about":[{"href":"https:\/\/congolobilelo.com\/IN\/wp-json\/wp\/v2\/types\/post"}],"author":[{"embeddable":true,"href":"https:\/\/congolobilelo.com\/IN\/wp-json\/wp\/v2\/users\/1"}],"replies":[{"embeddable":true,"href":"https:\/\/congolobilelo.com\/IN\/wp-json\/wp\/v2\/comments?post=1677"}],"version-history":[{"count":0,"href":"https:\/\/congolobilelo.com\/IN\/wp-json\/wp\/v2\/posts\/1677\/revisions"}],"wp:featuredmedia":[{"embeddable":true,"href":"https:\/\/congolobilelo.com\/IN\/wp-json\/"}],"wp:attachment":[{"href":"https:\/\/congolobilelo.com\/IN\/wp-json\/wp\/v2\/media?parent=1677"}],"wp:term":[{"taxonomy":"category","embeddable":true,"href":"https:\/\/congolobilelo.com\/IN\/wp-json\/wp\/v2\/categories?post=1677"},{"taxonomy":"post_tag","embeddable":true,"href":"https:\/\/congolobilelo.com\/IN\/wp-json\/wp\/v2\/tags?post=1677"}],"curies":[{"name":"wp","href":"https:\/\/api.w.org\/{rel}","templated":true}]}}