{"id":1670,"date":"2012-01-26T20:44:20","date_gmt":"2012-01-26T20:44:20","guid":{"rendered":"http:\/\/www.ingeta.com\/?p=1670"},"modified":"2012-01-26T20:44:20","modified_gmt":"2012-01-26T20:44:20","slug":"grande-marche-a-berlin-non-aux-fraudes-electorales-le-10-fevrier-2012","status":"publish","type":"post","link":"https:\/\/congolobilelo.com\/IN\/grande-marche-a-berlin-non-aux-fraudes-electorales-le-10-fevrier-2012\/","title":{"rendered":"Grande marche \u00e0 Berlin &#8220;Non aux fraudes \u00e9lectorales&#8221;. Le 10 f\u00e9vrier 2012"},"content":{"rendered":"<p>La communaut\u00e9 congolaise d&#8217;Allemagne invite tous les Congolais et amis \u00e0 prendre part \u00e0 la marche qui aura lieu le  10 f\u00e9vrier 2012 \u00e0 Berlin pour dire &#8220;Non aux fraudes \u00e9lectorales&#8221;.<\/p>\n<p><strong>Lieu :<\/strong><br \/>\nBerlin (Allemagne)<\/p>\n<p><strong>Point de rencontre :<\/strong><br \/>\nGare centrale<\/p>\n<p><strong>Date et Heure du rendez-vous:<\/strong><br \/>\nVendredi 10 f \u00e9vrier 2012 \u00e0 10h00<\/p>\n<p><iframe loading=\"lazy\" width=\"480\" height=\"360\" src=\"http:\/\/www.youtube.com\/embed\/9HCPJ_9vu3o\" frameborder=\"0\" allowfullscreen><\/iframe>\t\t<\/p>\n","protected":false},"excerpt":{"rendered":"<p>La communaut\u00e9 congolaise d&#8217;Allemagne invite tous les Congolais et amis \u00e0 prendre part \u00e0 la marche qui aura lieu le 10 f\u00e9vrier 2012 \u00e0 Berlin pour dire &#8220;Non aux fraudes \u00e9lectorales&#8221;. Lieu : Berlin (Allemagne) Point de rencontre : Gare centrale Date et Heure du rendez-vous: Vendredi 10 f \u00e9vrier 2012 \u00e0 10h00<\/p>\n","protected":false},"author":1,"featured_media":1672,"comment_status":"open","ping_status":"open","sticky":false,"template":"","format":"standard","meta":{"_acf_changed":false,"content-type":"","footnotes":""},"categories":[166,108,116,122,124],"tags":[],"class_list":["post-1670","post","type-post","status-publish","format-standard","has-post-thumbnail","hentry","category-allemagne","category-evenements","category-manifs","category-news-alertes","category-politique-societe"],"acf":[],"_links":{"self":[{"href":"https:\/\/congolobilelo.com\/IN\/wp-json\/wp\/v2\/posts\/1670","targetHints":{"allow":["GET"]}}],"collection":[{"href":"https:\/\/congolobilelo.com\/IN\/wp-json\/wp\/v2\/posts"}],"about":[{"href":"https:\/\/congolobilelo.com\/IN\/wp-json\/wp\/v2\/types\/post"}],"author":[{"embeddable":true,"href":"https:\/\/congolobilelo.com\/IN\/wp-json\/wp\/v2\/users\/1"}],"replies":[{"embeddable":true,"href":"https:\/\/congolobilelo.com\/IN\/wp-json\/wp\/v2\/comments?post=1670"}],"version-history":[{"count":0,"href":"https:\/\/congolobilelo.com\/IN\/wp-json\/wp\/v2\/posts\/1670\/revisions"}],"wp:featuredmedia":[{"embeddable":true,"href":"https:\/\/congolobilelo.com\/IN\/wp-json\/"}],"wp:attachment":[{"href":"https:\/\/congolobilelo.com\/IN\/wp-json\/wp\/v2\/media?parent=1670"}],"wp:term":[{"taxonomy":"category","embeddable":true,"href":"https:\/\/congolobilelo.com\/IN\/wp-json\/wp\/v2\/categories?post=1670"},{"taxonomy":"post_tag","embeddable":true,"href":"https:\/\/congolobilelo.com\/IN\/wp-json\/wp\/v2\/tags?post=1670"}],"curies":[{"name":"wp","href":"https:\/\/api.w.org\/{rel}","templated":true}]}}