{"id":1657,"date":"2012-01-26T08:04:41","date_gmt":"2012-01-26T08:04:41","guid":{"rendered":"http:\/\/www.ingeta.com\/?p=1657"},"modified":"2012-01-26T08:04:41","modified_gmt":"2012-01-26T08:04:41","slug":"grande-marche-a-bruxelles-contre-le-hold-up-electoral-le-28-janvier-2012-a-13h","status":"publish","type":"post","link":"https:\/\/congolobilelo.com\/IN\/grande-marche-a-bruxelles-contre-le-hold-up-electoral-le-28-janvier-2012-a-13h\/","title":{"rendered":"Grande marche \u00e0 Bruxelles contre le Hold-Up \u00e9lectoral. Le 28 janvier 2012 \u00e0 14h30"},"content":{"rendered":"<p>\t\t\t\t&nbsp;<\/p>\n<p>&nbsp;<\/p>\n<p><strong><img loading=\"lazy\" decoding=\"async\" class=\"alignleft size-full wp-image-1658\" title=\"Belgique-28012012-bis\" src=\"http:\/\/www.ingeta.com\/wp-content\/uploads\/2012\/01\/Belgique-28012012-bis.png\" alt=\"\" width=\"295\" height=\"299\" \/><\/strong><\/p>\n<p><strong>Lieu :<\/strong><br \/>\nBruxelles (Belgique)<\/p>\n<p><strong>Point de rencontre :<\/strong><br \/>\nGare du Nord.<\/p>\n<p><strong>Date et Heure :<\/strong><br \/>\nSamedi 28 Janvier 2012 \u00e0 14H30<\/p>\n<p><strong>Contacts :<\/strong><br \/>\n0032486855392\u00a0 -0032 487855460<\/p>\n<p><strong>Communiqu\u00e9 de <a href=\"http:\/\/www.cheikfitanews.net\/article-grande-marche-a-bruxelles-samedi-28-01-2012-contre-hold-up-electoral-de-kabila-97901490.html\">Cheik Fita<\/a>:<\/strong><br \/>\nSamedi 28 janvier 2012 \u00e0 13h00, une grande marche d\u00e9nomm\u00e9e \u00ab debout Congolais \u00bbsera organis\u00e9e \u00e0 Bruxelles \u00e0 partir de la gare du Nord. Ce sera pour protester une \u00e9ni\u00e8me fois contre le hold-up \u00e9lectoral du Pr\u00e9sident sortant Joseph Kabila, et pour soutenir le Pr\u00e9sident Tshisekedi.<\/p>\n<p>Deux mois apr\u00e8s les \u00e9lections, les\u00a0 Congolais ne d\u00e9col\u00e8rent toujours pas contre ce hold-up qui n\u2019a pour finalit\u00e9 dans le chef de ceux qui l\u2019ont con\u00e7u, planifi\u00e9 et ex\u00e9cut\u00e9 que le pouvoir pour le pouvoir, au grand m\u00e9pris des souffrances des millions de Congolais qui s\u2019\u00e9taient exprim\u00e9 pour une alternance, contre la corruption \u00e9rig\u00e9e en syst\u00e8me, la concussion, le bradage de nos richesses, et contre l\u2019aventurisme et l\u2019amateurisme au sommet de l\u2019Etat.<\/p>\n<p>Cela faisait quelques semaines que les bourgmestres de diff\u00e9rentes communes de Bruxelles n\u2019accordaient plus\u00a0 d\u2019autorisations de manifester aux Congolais.<\/p>\n<p>Selon monsieur Joseph M\u2019Beka et Marie-Claire Lusamba initiateurs de la manifestation, une longue s\u00e9ance de travail a eu lieu avec la police bruxelloise afin, non seulement de tracer le parcours de la manifestation, mais aussi analyser les garanties pour une manifestation sans incidents.<\/p>\n<p>L\u2019occasion sera ainsi donn\u00e9e aux congolais : de transmettre \u00e0 l\u2019opinion belge le sens de leurs diff\u00e9rentes manifestations, d\u2019effacer d\u00e9finitivement l\u2019image n\u00e9gative que certains m\u00e9dias ont failli inculquer \u00e0 l\u2019opinion, et surtout combattre et contredire une phrase tr\u00e8s tendancieuse distill\u00e9e \u00e0 dessein par certains : \u00ab l\u2019ordre d\u2019arriv\u00e9e ne changera pas, malgr\u00e9 les irr\u00e9gularit\u00e9s et les bourrages\u00bb. Ceux qui d\u00e9cident de frauder, de bourrer les urnes, c\u2019est toujours pour tenter de changer l\u2019ordre d\u2019arriv\u00e9e !<\/p>\n<p><iframe loading=\"lazy\" src=\"http:\/\/www.dailymotion.com\/embed\/video\/xo0v3a\" frameborder=\"0\" width=\"480\" height=\"270\"><\/iframe><br \/>\n<a href=\"http:\/\/www.dailymotion.com\/video\/xo0v3a_grande-marche-a-bruxelles-samedi-28-01-2012-contre-hold-up-de-kabila_news\" target=\"_blank\" rel=\"noopener\">GRANDE MARCHE A BRUXELLES SAMEDI 28.01&#8230;<\/a> <em>par <a href=\"http:\/\/www.dailymotion.com\/CONGOLAISDEBELGIQUEINFO\" target=\"_blank\" rel=\"noopener\">CONGOLAISDEBELGIQUEINFO<\/a><\/em>\t\t<\/p>\n","protected":false},"excerpt":{"rendered":"<p>&nbsp; &nbsp; Lieu : Bruxelles (Belgique) Point de rencontre : Gare du Nord. Date et Heure : Samedi 28 Janvier 2012 \u00e0 14H30 Contacts : 0032486855392\u00a0 -0032 487855460 Communiqu\u00e9 de Cheik Fita: Samedi 28 janvier 2012 \u00e0 13h00, une grande marche d\u00e9nomm\u00e9e \u00ab debout Congolais \u00bbsera organis\u00e9e \u00e0 Bruxelles \u00e0 partir de la gare du [&hellip;]<\/p>\n","protected":false},"author":1,"featured_media":1659,"comment_status":"open","ping_status":"open","sticky":false,"template":"","format":"standard","meta":{"_acf_changed":false,"content-type":"","footnotes":""},"categories":[167,108,116,122],"tags":[],"class_list":["post-1657","post","type-post","status-publish","format-standard","has-post-thumbnail","hentry","category-belgique","category-evenements","category-manifs","category-news-alertes"],"acf":[],"_links":{"self":[{"href":"https:\/\/congolobilelo.com\/IN\/wp-json\/wp\/v2\/posts\/1657","targetHints":{"allow":["GET"]}}],"collection":[{"href":"https:\/\/congolobilelo.com\/IN\/wp-json\/wp\/v2\/posts"}],"about":[{"href":"https:\/\/congolobilelo.com\/IN\/wp-json\/wp\/v2\/types\/post"}],"author":[{"embeddable":true,"href":"https:\/\/congolobilelo.com\/IN\/wp-json\/wp\/v2\/users\/1"}],"replies":[{"embeddable":true,"href":"https:\/\/congolobilelo.com\/IN\/wp-json\/wp\/v2\/comments?post=1657"}],"version-history":[{"count":0,"href":"https:\/\/congolobilelo.com\/IN\/wp-json\/wp\/v2\/posts\/1657\/revisions"}],"wp:featuredmedia":[{"embeddable":true,"href":"https:\/\/congolobilelo.com\/IN\/wp-json\/"}],"wp:attachment":[{"href":"https:\/\/congolobilelo.com\/IN\/wp-json\/wp\/v2\/media?parent=1657"}],"wp:term":[{"taxonomy":"category","embeddable":true,"href":"https:\/\/congolobilelo.com\/IN\/wp-json\/wp\/v2\/categories?post=1657"},{"taxonomy":"post_tag","embeddable":true,"href":"https:\/\/congolobilelo.com\/IN\/wp-json\/wp\/v2\/tags?post=1657"}],"curies":[{"name":"wp","href":"https:\/\/api.w.org\/{rel}","templated":true}]}}