{"id":16531,"date":"2024-11-02T18:35:46","date_gmt":"2024-11-02T18:35:46","guid":{"rendered":"https:\/\/www.ingeta.com\/?p=15388"},"modified":"2024-11-02T18:35:46","modified_gmt":"2024-11-02T18:35:46","slug":"lire-toujours-lire-lexemple-de-les-faiseurs-de-paix-au-congo","status":"publish","type":"post","link":"https:\/\/congolobilelo.com\/IN\/lire-toujours-lire-lexemple-de-les-faiseurs-de-paix-au-congo\/","title":{"rendered":"Lire. Toujours lire. L&#8217;exemple de &#8220;Les &#8216;Faiseurs de paix&#8217; au Congo&#8221;"},"content":{"rendered":"<p>Par Jean-Pierre Mbelu<\/p>\n<p><strong>Travailler intellectuellement sur le temps long semble \u00eatre une mer \u00e0 boire pour plusieurs compatriotes kongolais.<\/strong><\/p>\n<p>L&#8217;Occident que nous critiquons r\u00e9guli\u00e8rement dispose toujours d&#8217;un nombre important d&#8217;intellectuels capables d&#8217;analyses approfondies sur des questions d&#8217; int\u00e9r\u00eat mondial. Il arrive \u00e0 ces intellectuels de se m\u00ealer de ce qui, apparemment, ne les concerne pas.<\/p>\n<blockquote><p><span style=\"color: #0080ff;\"><strong>Il est plus que temps de comprendre que l&#8217;histoire du Kongo est \u00e9crite et bien d\u00e9taill\u00e9e. Il suffit d&#8217;ouvrir les livres. Mais qui a encore le temps et l&#8217;audace de lire au coeur de l&#8217;Afrique ? Peut-\u00eatre les minorit\u00e9s organis\u00e9es&#8230;<\/strong><\/span><\/p><\/blockquote>\n<p>Actuellement, au Kongop-Kinshasa, le d\u00e9bat sur le changement et\/ou la modification de la Constitution fait la une de plusieurs d\u00e9bats. N\u00e9anmoins, la question de sources et d&#8217;archives se pose. Christian Lusakueno a eu un \u00e9change suffisamment clair avec le professeur de l&#8217;Universit\u00e9 de Li\u00e8ge, Bob Kabamba, l\u00e0-dessus en 2020 ( <a href=\"https:\/\/www.youtube.com\/watch?v=bAtFkIZrv5E\" target=\"_blank\" rel=\"noopener\">Face \u00e0 face Bob KABAMBA <\/a>). Il serait souhaitable que les Kongolais, tout en d\u00e9battant, \u00e9coutent cette interview. Il y a aussi un livre suffisamment document\u00e9 et intitul\u00e9 <em>&#8220;les \u00ab Faiseurs de paix \u00bb au Congo. Gestion d&#8217;une crise internationale dans un pays sous tutelle&#8221; <\/em>(Bruxelles, Grip, 2007). De la page 174 \u00e0 la page 194, il est question de la Constitution, du processus \u00e9lectoral et des parrains ayant jou\u00e9 le r\u00f4le de &#8220;Faiseurs de paix&#8221;. Lire ces quelques pages aiderait les plus loquaces d&#8217;entre les Kongolais \u00e0 comprendre que le pays est en danger depuis plusieurs d\u00e9cennies.<\/p>\n<p>Il est plus que temps de comprendre que l&#8217;histoire du Kongo est \u00e9crite et bien d\u00e9taill\u00e9e. Il suffit d&#8217;ouvrir les livres. Mais qui a encore le temps et l&#8217;audace de lire au coeur de l&#8217;Afrique ? Peut-\u00eatre les minorit\u00e9s organis\u00e9es&#8230; Alors, quels sont les fondements de nos d\u00e9bats sur les questions historiques de soci\u00e9t\u00e9 ? L&#8217;oraliture ou le d\u00e9bat politico-politicien ? Mais, en g\u00e9n\u00e9ral, les politicards ne lisent plus&#8230;.L&#8217;ignorance et la b\u00eatise semblent \u00eatre des cancers au coeur de l&#8217;Afrique&#8230;<\/p>\n<p>&nbsp;<\/p>\n<p><em>Babanya Kabudi<\/em><\/p>\n","protected":false},"excerpt":{"rendered":"<p>Par Jean-Pierre Mbelu Travailler intellectuellement sur le temps long semble \u00eatre une mer \u00e0 boire pour plusieurs compatriotes kongolais. L&#8217;Occident que nous critiquons r\u00e9guli\u00e8rement dispose toujours d&#8217;un nombre important d&#8217;intellectuels capables d&#8217;analyses approfondies sur des questions d&#8217; int\u00e9r\u00eat mondial. Il arrive \u00e0 ces intellectuels de se m\u00ealer de ce qui, apparemment, ne les concerne pas. [&hellip;]<\/p>\n","protected":false},"author":1,"featured_media":16552,"comment_status":"closed","ping_status":"open","sticky":false,"template":"","format":"standard","meta":{"_acf_changed":false,"content-type":"","footnotes":""},"categories":[123,197,124],"tags":[],"class_list":["post-16531","post","type-post","status-publish","format-standard","has-post-thumbnail","hentry","category-paroles-dingeta","category-pensee-critique","category-politique-societe"],"acf":[],"_links":{"self":[{"href":"https:\/\/congolobilelo.com\/IN\/wp-json\/wp\/v2\/posts\/16531","targetHints":{"allow":["GET"]}}],"collection":[{"href":"https:\/\/congolobilelo.com\/IN\/wp-json\/wp\/v2\/posts"}],"about":[{"href":"https:\/\/congolobilelo.com\/IN\/wp-json\/wp\/v2\/types\/post"}],"author":[{"embeddable":true,"href":"https:\/\/congolobilelo.com\/IN\/wp-json\/wp\/v2\/users\/1"}],"replies":[{"embeddable":true,"href":"https:\/\/congolobilelo.com\/IN\/wp-json\/wp\/v2\/comments?post=16531"}],"version-history":[{"count":0,"href":"https:\/\/congolobilelo.com\/IN\/wp-json\/wp\/v2\/posts\/16531\/revisions"}],"wp:featuredmedia":[{"embeddable":true,"href":"https:\/\/congolobilelo.com\/IN\/wp-json\/wp\/v2\/media\/16552"}],"wp:attachment":[{"href":"https:\/\/congolobilelo.com\/IN\/wp-json\/wp\/v2\/media?parent=16531"}],"wp:term":[{"taxonomy":"category","embeddable":true,"href":"https:\/\/congolobilelo.com\/IN\/wp-json\/wp\/v2\/categories?post=16531"},{"taxonomy":"post_tag","embeddable":true,"href":"https:\/\/congolobilelo.com\/IN\/wp-json\/wp\/v2\/tags?post=16531"}],"curies":[{"name":"wp","href":"https:\/\/api.w.org\/{rel}","templated":true}]}}