{"id":16520,"date":"2024-10-10T19:21:03","date_gmt":"2024-10-10T19:21:03","guid":{"rendered":"https:\/\/www.ingeta.com\/?p=15338"},"modified":"2024-10-10T19:21:03","modified_gmt":"2024-10-10T19:21:03","slug":"une-charte-pour-linfiltration-et-loccupation-denommee","status":"publish","type":"post","link":"https:\/\/congolobilelo.com\/IN\/une-charte-pour-linfiltration-et-loccupation-denommee\/","title":{"rendered":"Une charte pour l&#8217;infiltration et l&#8217;occupation d\u00e9nomm\u00e9e &#8220;meilleure constitution&#8221; au Kongo-Kinshasa"},"content":{"rendered":"<p>Par Jean-Pierre Mbelu<\/p>\n<p><em>\u00ab L&#8217;histoire nous apprend que nous ne savons pas apprendre de l&#8217;histoire. \u00bb<\/em>-M. Jean<\/p>\n<p><strong>Le Kongo-Kinshasa n&#8217;\u00e9tant pas une \u00eele vit au quotidien de ses questions dites d&#8217;actualit\u00e9 comme ailleurs dans le monde. Malheureusement, elles font une terrible impasse sur l&#8217;histoire. Les politicards kongolais, face aux &#8220;questions d&#8217;actualit\u00e9&#8221; oublient facilement qu&#8217;\u00e0 l&#8217;\u00e8re de Nouvelles Technologies de l&#8217;Information et de la Communication, leurs propos peuvent \u00eatre automatiquement archiv\u00e9s. Enferm\u00e9s dans le court terme, ils se soucient un peu plus de leur carri\u00e8re politique que du bonheur collectif partag\u00e9. Leur recours \u00e0 la ruse rend plusieurs d&#8217;entre eux populaires et populicides. Il est tr\u00e8s difficile que leurs thurif\u00e9raires, leurs fanatiques et leurs applaudisseurs puissent s&#8217;en rendre compte.<\/strong><\/p>\n<p>Tenez. Les politicards kongolais ayant pr\u00e9sent\u00e9 la charte d&#8217; infiltration et d&#8217;occupation du Kongo-Kinshasa par des mercenaires venus de l&#8217;Ouganda et du Rwanda comme \u00e9tant &#8221;la meilleure constitution&#8221; depuis que le pays est formellement ind\u00e9pendant et ayant refus\u00e9 pendant longtemps qu&#8217;elle soit ou r\u00e9vis\u00e9e ou chang\u00e9e ont, actuellement, un avis tout \u00e0 fait contraire. Prenant leurs compatriotes pour les imb\u00e9ciles, ils disent ceci : \u00ab Avoir dit que cette constitution \u00e9tait la meilleure ne signifie pas qu&#8217;elle \u00e9tait \u00e9ternelle \u00bb. Elle peut \u00eatre r\u00e9vis\u00e9e ou chang\u00e9e. Et les thurif\u00e9raires, les applaudisseurs et les fanatiques disent : \u00ab Amen \u00bb. Ainsi va &#8220;la RDC&#8221;, eloko ya makasi&#8230;Et le d\u00e9bat actuel sur la question ignore carr\u00e9ment le rejet dont cette charte a \u00e9t\u00e9 l&#8217;objet d\u00e8s sa publication. Pourquoi sommes-nous comme \u00e7a ? Peut-\u00eatre parce que nous ne sommes pas toujours des \u00eatre rationnels&#8230;Qu&#8217;est-ce qui ne va pas avec nous ? Lambert Mende semble avoir trouv\u00e9 une r\u00e9ponse \u00e0 cette double question.<\/p>\n<h3>Une charte pour l&#8217;infiltration et l&#8217;occupation<\/h3>\n<p>Il y aurait eu un peu de rationalit\u00e9 \u00e0 mener une \u00e9tude comparative, par exemple, entre la constitution de Luluabourg, le projet de constitution \u00e9labor\u00e9 \u00e0 la Conf\u00e9rence Nationale Souveraine et cette charte pour l&#8217;infiltration et l&#8217;occupation du pays, cela aurait permis un \u00e9change comparatif. (Il est possible que cela ait \u00e9t\u00e9 fait et que je n&#8217;en sois pas au courant. Avoir cette \u00e9tude m&#8217;\u00e9difierait&#8230;)<\/p>\n<blockquote><p><span style=\"color: #0080ff;\"><strong>Cette charte pour l&#8217;infiltration et l&#8217;occupation du pays de Lumumba t\u00e9l\u00e9command\u00e9e par &#8220;les faiseurs des rois&#8221; a b\u00e9n\u00e9fici\u00e9, au cours de sa r\u00e9daction, de la complicit\u00e9 des politicards kongolais dont plusieurs sont encore &#8220;aux affaires&#8221; aujourd&#8217;hui.<\/strong><\/span><\/p><\/blockquote>\n<p>Les auditeurs attentifs des questions dites d&#8217;actualit\u00e9 ne semblent pas \u00eatre au courant d&#8217;une telle \u00e9tude. Sinon, ils l&#8217;\u00e9voqueraient. Alors, quel int\u00e9r\u00eat, les politicards kongolais ont-ils eu \u00e0 pl\u00e9bisciter, depuis Sun City, cette charte pour l&#8217;infiltration et l&#8217;occupation du Kongo-Kinshasa ? Pourquoi ont-ils refus\u00e9 d&#8217;\u00e9couter leurs compatriotes qui, d\u00e8s sa publication et sa proposition au r\u00e9f\u00e9rendum populaire, l&#8217;ont disqualifi\u00e9e eu \u00e9gard \u00e0 l&#8217;histoire n\u00e9ocoloniale du pays et \u00e0 l&#8217;implication des mercenaires dans la guerre raciste de pr\u00e9dation et de basse intensit\u00e9 orchestr\u00e9e contre le Kongo-Kinshasa ?<\/p>\n<p>Cette charte pour l&#8217;infiltration et l&#8217;occupation du pays de Lumumba t\u00e9l\u00e9command\u00e9e par &#8220;les faiseurs des rois&#8221; a b\u00e9n\u00e9fici\u00e9, au cours de sa r\u00e9daction, de la complicit\u00e9 des politicards kongolais dont plusieurs sont encore &#8220;aux affaires&#8221; aujourd&#8217;hui. Ils voulaient avoir des titres de &#8220;ministre ou de parlementaire, des grands cordons, des gros traitements, des maisons somptueuses&#8221; dans la R\u00e9publique de la Gombe tout en renon\u00e7ant \u00e0 tout processus d&#8217; \u00e9mancipation \u00e9conomico-politique du Kongo du syst\u00e8me n\u00e9ocolonial.<\/p>\n<p>Cette charte pour l&#8217;infiltration et l&#8217;occupation du Kongo \u00e9crite en fonction d&#8217;un individu-mercenaire et du projet de balkanisation et d&#8217;implosion du pays au profit des proxys et de leurs parrains a particip\u00e9 de la perp\u00e9tuation de la guerre \u00e0 cause des m\u00e9canismes de brassage, de mixage et d&#8217;int\u00e9gration des larbins dans l&#8217;arm\u00e9e, les services de s\u00e9curit\u00e9, dans le gouvernement et dans les autres institutions et structures essentielles du pays en vue d&#8217;en faire &#8220;un Etat-rat\u00e9-manqu\u00e9&#8221;.<\/p>\n<p>Donc, l&#8217;impasse dans laquelle le pays se retrouve aujourd&#8217;hui est due, en grande partie, \u00e0 la complicit\u00e9 des compatriotes susmentionn\u00e9s avec les proxys ougando-rwandais et leurs parrains.<\/p>\n<p>Malheureusement, les actuels partisans du &#8220;changement de la constitution&#8221; se comptent parmi ces &#8220;tra\u00eetres d&#8217;hier&#8221;. Pour eux, &#8220;la politique est dynamique&#8221;&#8230; Ils voudraient faire parti des constituants pour l&#8217;\u00e9laboration d&#8217;une autre constitution. Soit ! Mais, comme ils sont encore &#8220;aux affaires&#8221;, ne serait-il pas souhaitable qu&#8217;ils en finissent d&#8217;abord avec la guerre \u00e0 laquelle ils ont particip\u00e9 de pr\u00e8s ou de loin et que les principes pour mettre en place une constituante puissent \u00eatre soumis au r\u00e9f\u00e9rendum populaire au moins six mois apr\u00e8s la fin de la guerre ?<\/p>\n<h3>Des principes souverainistes et la confidence de Lambert Mende<\/h3>\n<p>A ce point nomm\u00e9, des assises pour la refondation d&#8217;un autre Kongo seraient indispensables. Elles permettraient, \u00e0 partir d&#8217;un &#8220;consensus par confrontation&#8221;, d&#8217;indiquer, collectivement, les principes qui devraient \u00eatre absolument respect\u00e9s dans la r\u00e9daction d&#8217;une nouvelle constitution. Comme au Mali, il s&#8217;agirait, entre autres, du respect non n\u00e9gociable de la souverainet\u00e9 du pays, de la d\u00e9fense souveraine des int\u00e9r\u00eats du &#8220;peuple d&#8217;abord&#8221; dans toutes les n\u00e9gociations et de la non-ing\u00e9rence ext\u00e9rieure dans le choix des partenaires g\u00e9opolitiques et g\u00e9ostrat\u00e9giques.<\/p>\n<blockquote><p><strong><span style=\"color: #0080ff;\">Des assises pour la refondation d&#8217;un autre Kongo seraient indispensables. Elles permettraient, \u00e0 partir d&#8217;un &#8220;consensus par confrontation&#8221;, d&#8217;indiquer, collectivement, les principes qui devraient \u00eatre absolument respect\u00e9s dans la r\u00e9daction d&#8217;une nouvelle constitution.<\/span><\/strong><\/p><\/blockquote>\n<p>Souvent, la charte pour l&#8217;infiltration et l&#8217;occupation du Kongo-Kinshasa est pr\u00e9sent\u00e9e comme \u00e9tant le fruit m\u00fbr du &#8220;dialogue entre kongolais&#8221; de Sun City. Des compatriotes qui, un peu t\u00f4t, avaient d\u00e9voil\u00e9 la strat\u00e9gie mise en place \u00e0 ce forum pour imposer aux Kongolais(es) &#8220;un jeune homme manipulable&#8221; au profit des multinationales et de leurs proxys des Grands Lacs Africains n&#8217;ont pas \u00e9t\u00e9 \u00e9cout\u00e9s. Et comme la v\u00e9rit\u00e9 prend toujours les escaliers, voici que, tardivement, Lambert Mende , se confiant \u00e0 Top Congo, vient d\u00e9voiler ce secret de Polichinelle, avec le recul, bien s\u00fbr.<\/p>\n<p>Thierry Kambundi l&#8217;interpelle : \u00ab Betela biso lisolo ya Sun City \u00bb Mende r\u00e9agit : \u00ab Beaucoup de d\u00e9ception. Je me suis rendu compte, \u00e0 la r\u00e9flexion, na maturit\u00e9 oyo eza na ngai sikoyo, que nous avons tous pass\u00e9 notre temps \u00e0 \u00eatre manipul\u00e9s par des puissances \u00e9trang\u00e8res \u00bb.<\/p>\n<h3>Une petite conclusion<\/h3>\n<p>Notons bien ceci : \u00ab A la r\u00e9flexion \u00bb et \u00ab na maturit\u00e9 oyo eza na ngai sikoyo \u00bb. Oui, nous avons, majoritairement, au coeur de l&#8217;Afrique, un probl\u00e8me s\u00e9rieux de &#8220;la r\u00e9flexion&#8221;, de &#8220;la pens\u00e9e&#8221; sourc\u00e9e et archiv\u00e9e, de la production de la pens\u00e9e individuelle et collective n\u00e9cessaire pour lutter contre la b\u00eatise, l&#8217;ignorance et l&#8217;imb\u00e9cilisation des masses ; un probl\u00e8me de &#8220;la maturit\u00e9&#8221; politique, culturelle et spirituelle&#8230;<\/p>\n<blockquote><p><strong><span style=\"color: #0080ff;\">Nous avons, majoritairement, au coeur de l&#8217;Afrique, un probl\u00e8me s\u00e9rieux de &#8220;la r\u00e9flexion&#8221;, de &#8220;la pens\u00e9e&#8221; sourc\u00e9e et archiv\u00e9e, de la production de la pens\u00e9e individuelle et collective n\u00e9cessaire pour lutter contre la b\u00eatise, l&#8217;ignorance et l&#8217;imb\u00e9cilisation des masses ; un probl\u00e8me de &#8220;la maturit\u00e9&#8221; politique, culturelle et spirituelle&#8230; Si nous ne trouvons pas de solution collective \u00e0 ce probl\u00e8me, le Kongo-Kinshasa pourrait dispara\u00eetre de la carte du monde.<\/span><\/strong><\/p><\/blockquote>\n<p>Si nous ne trouvons pas de solution collective \u00e0 ce probl\u00e8me, le Kongo-Kinshasa pourrait dispara\u00eetre de la carte du monde. La question de l&#8217;interdisciplinarit\u00e9 et de la m\u00e9galomanie dont certains &#8220;\u00e8s constitution&#8221; font montre devrait aussi \u00eatre prise en compte.<\/p>\n<p>Souvent, ils font l&#8217;herm\u00e9neutique du texte en refusant, par action et\/ou par omission, d&#8217;\u00e9tudier le pr\u00e9texte (politique, g\u00e9opolitique, g\u00e9o\u00e9conomique, g\u00e9ostrat\u00e9gique) et le contexte (historique). <a href=\"https:\/\/www.youtube.com\/watch?v=5Ca5M6Txigw\" target=\"_blank\" rel=\"noopener\">R\u00e9\u00e9couter Jean-Luc Schaffhauser serait souhaitable pour les amn\u00e9siques<\/a>.<\/p>\n<p>&nbsp;<\/p>\n<p><em>Babanya Kabudi<br \/>\nG\u00e9n\u00e9rartion Lumumba 1961<\/em><\/p>\n","protected":false},"excerpt":{"rendered":"<p>Par Jean-Pierre Mbelu \u00ab L&#8217;histoire nous apprend que nous ne savons pas apprendre de l&#8217;histoire. \u00bb-M. Jean Le Kongo-Kinshasa n&#8217;\u00e9tant pas une \u00eele vit au quotidien de ses questions dites d&#8217;actualit\u00e9 comme ailleurs dans le monde. Malheureusement, elles font une terrible impasse sur l&#8217;histoire. Les politicards kongolais, face aux &#8220;questions d&#8217;actualit\u00e9&#8221; oublient facilement qu&#8217;\u00e0 l&#8217;\u00e8re [&hellip;]<\/p>\n","protected":false},"author":1,"featured_media":16539,"comment_status":"closed","ping_status":"open","sticky":false,"template":"","format":"standard","meta":{"_acf_changed":false,"content-type":"","footnotes":""},"categories":[107,201,197,124],"tags":[],"class_list":["post-16520","post","type-post","status-publish","format-standard","has-post-thumbnail","hentry","category-analyses-commentaires","category-etat","category-pensee-critique","category-politique-societe"],"acf":[],"_links":{"self":[{"href":"https:\/\/congolobilelo.com\/IN\/wp-json\/wp\/v2\/posts\/16520","targetHints":{"allow":["GET"]}}],"collection":[{"href":"https:\/\/congolobilelo.com\/IN\/wp-json\/wp\/v2\/posts"}],"about":[{"href":"https:\/\/congolobilelo.com\/IN\/wp-json\/wp\/v2\/types\/post"}],"author":[{"embeddable":true,"href":"https:\/\/congolobilelo.com\/IN\/wp-json\/wp\/v2\/users\/1"}],"replies":[{"embeddable":true,"href":"https:\/\/congolobilelo.com\/IN\/wp-json\/wp\/v2\/comments?post=16520"}],"version-history":[{"count":0,"href":"https:\/\/congolobilelo.com\/IN\/wp-json\/wp\/v2\/posts\/16520\/revisions"}],"wp:featuredmedia":[{"embeddable":true,"href":"https:\/\/congolobilelo.com\/IN\/wp-json\/wp\/v2\/media\/16539"}],"wp:attachment":[{"href":"https:\/\/congolobilelo.com\/IN\/wp-json\/wp\/v2\/media?parent=16520"}],"wp:term":[{"taxonomy":"category","embeddable":true,"href":"https:\/\/congolobilelo.com\/IN\/wp-json\/wp\/v2\/categories?post=16520"},{"taxonomy":"post_tag","embeddable":true,"href":"https:\/\/congolobilelo.com\/IN\/wp-json\/wp\/v2\/tags?post=16520"}],"curies":[{"name":"wp","href":"https:\/\/api.w.org\/{rel}","templated":true}]}}