{"id":1590,"date":"2012-01-24T06:59:04","date_gmt":"2012-01-24T06:59:04","guid":{"rendered":"http:\/\/www.ingeta.com\/?p=1590"},"modified":"2012-01-24T06:59:04","modified_gmt":"2012-01-24T06:59:04","slug":"27-janvier-paris-sit-in-ambassade-dafrique-du-sud","status":"publish","type":"post","link":"https:\/\/congolobilelo.com\/IN\/27-janvier-paris-sit-in-ambassade-dafrique-du-sud\/","title":{"rendered":"27 Janvier &#8211; Paris : Sit-in ambassade d&#8217;Afrique du Sud"},"content":{"rendered":"<p>\t\t\t\t<img loading=\"lazy\" decoding=\"async\" class=\"alignleft  wp-image-1595\" title=\"South Africa\" src=\"http:\/\/www.ingeta.com\/wp-content\/uploads\/2012\/01\/South-Africa-300x201.jpg\" alt=\"\" width=\"299\" height=\"201\" \/><strong>Lieu :<\/strong><br \/>\nParis (France)<\/p>\n<p><strong>Point de rencontre :<\/strong><br \/>\nAmbassade d\u2019Afrique du Sud.<\/p>\n<p>59 Quai Orsay, 75007 Paris.<\/p>\n<p><strong>Date et Heure :<\/strong><br \/>\nVendredi 27 Janvier 2012 \u00e0 14H<\/p>\n<p>&nbsp;<\/p>\n<p>&nbsp;<\/p>\n<p><strong>Message des organisateurs :<\/strong><br \/>\n&#8220;<em>Le Collectif RD Congo en France organise comme convenu ce Vendredi 27 Janvier 2012 \u00e0 14H un sit-in devant l\u2019ambassade Sud-Africaine \u00e0 Paris au 59 Quai Orsay. Ceci en solidarit\u00e9 avec nos fr\u00e8res qui ont \u00e9t\u00e9 arbitrairement arr\u00eat\u00e9s dans le pays du nouvel Apartheid. Venez en masse dire NON \u00e0 la s\u00e9gr\u00e9gation de Jacob ZUMA en vers vos fr\u00e8res, plus d\u2019infos les heures \u00e0 venir<\/em>&#8220;.\t\t<\/p>\n","protected":false},"excerpt":{"rendered":"<p>Lieu : Paris (France) Point de rencontre : Ambassade d\u2019Afrique du Sud. 59 Quai Orsay, 75007 Paris. Date et Heure : Vendredi 27 Janvier 2012 \u00e0 14H &nbsp; &nbsp; Message des organisateurs : &#8220;Le Collectif RD Congo en France organise comme convenu ce Vendredi 27 Janvier 2012 \u00e0 14H un sit-in devant l\u2019ambassade Sud-Africaine \u00e0 [&hellip;]<\/p>\n","protected":false},"author":1,"featured_media":1591,"comment_status":"open","ping_status":"open","sticky":false,"template":"","format":"standard","meta":{"_acf_changed":false,"content-type":"","footnotes":""},"categories":[108,156,116,122],"tags":[],"class_list":["post-1590","post","type-post","status-publish","format-standard","has-post-thumbnail","hentry","category-evenements","category-france","category-manifs","category-news-alertes"],"acf":[],"_links":{"self":[{"href":"https:\/\/congolobilelo.com\/IN\/wp-json\/wp\/v2\/posts\/1590","targetHints":{"allow":["GET"]}}],"collection":[{"href":"https:\/\/congolobilelo.com\/IN\/wp-json\/wp\/v2\/posts"}],"about":[{"href":"https:\/\/congolobilelo.com\/IN\/wp-json\/wp\/v2\/types\/post"}],"author":[{"embeddable":true,"href":"https:\/\/congolobilelo.com\/IN\/wp-json\/wp\/v2\/users\/1"}],"replies":[{"embeddable":true,"href":"https:\/\/congolobilelo.com\/IN\/wp-json\/wp\/v2\/comments?post=1590"}],"version-history":[{"count":0,"href":"https:\/\/congolobilelo.com\/IN\/wp-json\/wp\/v2\/posts\/1590\/revisions"}],"wp:featuredmedia":[{"embeddable":true,"href":"https:\/\/congolobilelo.com\/IN\/wp-json\/"}],"wp:attachment":[{"href":"https:\/\/congolobilelo.com\/IN\/wp-json\/wp\/v2\/media?parent=1590"}],"wp:term":[{"taxonomy":"category","embeddable":true,"href":"https:\/\/congolobilelo.com\/IN\/wp-json\/wp\/v2\/categories?post=1590"},{"taxonomy":"post_tag","embeddable":true,"href":"https:\/\/congolobilelo.com\/IN\/wp-json\/wp\/v2\/tags?post=1590"}],"curies":[{"name":"wp","href":"https:\/\/api.w.org\/{rel}","templated":true}]}}