{"id":1574,"date":"2012-01-23T22:23:54","date_gmt":"2012-01-23T22:23:54","guid":{"rendered":"http:\/\/www.ingeta.com\/?p=1574"},"modified":"2012-01-23T22:23:54","modified_gmt":"2012-01-23T22:23:54","slug":"rdc-une-politisation-effrayante-dun-peuple","status":"publish","type":"post","link":"https:\/\/congolobilelo.com\/IN\/rdc-une-politisation-effrayante-dun-peuple\/","title":{"rendered":"RD Congo : une politisation effrayante d\u2019un peuple !"},"content":{"rendered":"<p>\t\t\t\t<em><strong>Source : <a href=\"http:\/\/congoindependant.com\/article.php?articleid=7072\">Congoindependant.com<\/a>. Par Jean-Pierre Mbelu.<\/strong><\/em><\/p>\n<p align=\"justify\"><strong> Marcher ensemble en mettant en r\u00e9cit la mis\u00e8re anthropologique dont souffre notre peuple, en indiquer les causes lointaines, proches et imm\u00e9diates, en identifier les auteurs agissant en r\u00e9seau transnational, tout cela semble agacer \u00ables ma\u00eetres du monde \u00bb. Habitu\u00e9s \u00e0 op\u00e9rer dans l\u2019ombre, ils sont tr\u00e8s mal \u00e0 l\u2019aise quand leurs strat\u00e9gies sont d\u00e9voil\u00e9es au grand jour et leurs marionnettes rejet\u00e9es par la majorit\u00e9 de nos populations. La mascarade \u00e9lectorale de novembre 2011 et ses cons\u00e9quences ont mis \u00e0 nu le fonctionnement de tout un syst\u00e8me fond\u00e9 sur le mensonge, la violence et le non-droit. Les exigences de la v\u00e9rit\u00e9, de la justice et de la paix dans l\u2019unit\u00e9 mettent mal \u00e0 l\u2019aise \u00ab les oligarchies d\u2019argent \u00bb exploitant l\u2019amoralit\u00e9 de la politique au c\u0153ur de l\u2019Afrique. Le relais pass\u00e9 \u00e0 nos enfants \u00e0 Paris et dans les autres rues occidentales est venu mettre le feu aux poudres.<br \/>\n<\/strong><\/p>\n<p align=\"justify\"><img loading=\"lazy\" decoding=\"async\" class=\"alignleft size-medium wp-image-1575\" title=\"21012012-Congolais\" src=\"http:\/\/www.ingeta.com\/wp-content\/uploads\/2012\/01\/21012012-Congolais-300x225.jpg\" alt=\"\" width=\"300\" height=\"225\" \/>Samedi dernier (21 janvier 2012), nos enfants ont march\u00e9 \u00e0 Paris. De plus en plus, partout en Occident, ils s\u2019habituent \u00e0 rejoindre les patriotes-adultes-debout pour marcher et protester contre l\u2019injustice faite \u00e0 leur pays. Cet acte apparemment anodin est symboliquement plein de signification : il s\u2019agit de la politisation de nos enfants. C\u2019est-\u00e0-dire de leur implication dans la lutte citoyenne pour l\u2019\u00e9dification d\u2019un autre Congo, d\u00e9barrass\u00e9 de tous les vampires assoiff\u00e9s de sucer le sang de ses filles et fils. Les patriotes-adultes-debout dispensent un cours de civisme \u00e0 nos enfants dans la rue. Ils leur apprennent \u00e0 se lever pour d\u00e9fendre leur terre-m\u00e8re, mains nues, en lan\u00e7ant des cris d\u2019indignation et des chants orientant la politique populaire. A l\u2019endroit de nos enfants, ces compatriotes jouent le r\u00f4le des relayeurs de la r\u00e9sistance et de la lutte pour des causes justes. Ils passent le relais aux enfants et aux jeunes. Ce faisant, ils inscrivent la lutte dans la dur\u00e9e. En effet, une lutte d\u2019autod\u00e9termination et d\u2019\u00e9mancipation de forces imp\u00e9rialistes et n\u00e9ocolonialistes se gagne sur le temps. Surtout, si elle est assum\u00e9e par les jeunes g\u00e9n\u00e9rations. Ici, les patriotes-adultes-debout Congolais sont en train de marquer le monde \u00e0 partir de la rue. La t\u00e2che est tellement immense et ardue que plusieurs d\u2019entre eux sont loin de s\u2019imaginer la grandeur de ce qu\u2019ils sont en train de cr\u00e9er collectivement.<\/p>\n<p>Sortir la politique de son enfermement partisan en choisissant la rue comme lieu de son expression et de son apprentissage est un exploit historique. L\u2019enfermement partisan de la politique, qu\u2019on le veuille ou pas, profite aux adeptes de la politique du \u00ab diviser pour r\u00e9gner \u00bb. Ils sont les sp\u00e9cialistes des \u00ab mots s\u00e9parateurs \u00bb. L\u2019enfermement partisan de la politique conduit, \u00e0 tort ou \u00e0 raison, \u00e0 identifier les membres d\u2019un parti politique \u00e0 partir de l\u2019appartenance tribale ou ethnique de son pr\u00e9sident ou de ses membres les plus influents.<\/p>\n<p>Dans les rues occidentales, les Congolais et les Congolaises ont d\u00e9pass\u00e9 cette division partisane. Unis comme un seul homme, tous, indiff\u00e9remment, plaident la cause de leur terre-m\u00e8re. Ils parlent des femmes viol\u00e9es, du g\u00e9nocide Congolais, des tricheurs \u00e0 la mascarade \u00e9lectorale de novembre 2011, du changement dans leur pays, etc. Tous, d\u2019une seule voix, parlent du Congo qui doit devenir un espace de paix, de justice et de v\u00e9rit\u00e9.<\/p>\n<p>Les artisans de l\u2019id\u00e9ologie du \u00ab diviser pour r\u00e9gner \u00bb ont du mal \u00e0 appliquer leur politique face \u00e0 la rue congolaise unie. Pour les uns, elle est occup\u00e9e par des partisans de Tshisekedi. Pour les autres, elle est men\u00e9e par les anti-kabilistes. Pour d\u2019autres encore, elle est aux ordres des \u00ab sans-papiers \u00bb Congolais, etc. Ils ont de la peine \u00e0 se faire \u00e0 l\u2019id\u00e9e que les Congolais(es) occupant les rues occidentales se veulent tout simplement des Congolais(es) luttant, mains nues, pour leur terre-m\u00e8re. Cette difficile r\u00e9duction partisane des Congolais(es) \u00e9nerve ses id\u00e9ologues. Elle les met tr\u00e8s mal \u00e0 l\u2019aise. Ils se rendent compte que ceux et celles qui \u00e9taient qualifi\u00e9s hier des BMW peuvent avoir d\u2019autres options vitales et y tenir ensemble. Et pendant longtemps.<\/p>\n<p>Les id\u00e9ologues du \u00ab diviser pour r\u00e9gner \u00bb sont dans tous leurs \u00e9tats quand ils se r\u00e9alisent, tout \u00e0 coup, que les Congolais(es) r\u00e9ussissent, de plus en plus, \u00e0 identifier les acteurs majeurs et les acteurs mineurs de leur mis\u00e8re anthropologique et qu\u2019ils sont dispos\u00e9s, dans leur immense majorit\u00e9, \u00e0 se battre contre les uns et les autres jusqu\u2019au martyre. Voil\u00e0 ce qui les effraie : cette politisation de tout un peuple dans un monde o\u00f9 la lobotomisation m\u00e9diatique a conduit \u00e0 la prise en otage des citoyens par des oligarchies d\u2019argent cupides et \u00e9go\u00efstes.<\/p>\n<p>La politisation du peuple Congolais est un ph\u00e9nom\u00e8ne g\u00e9n\u00e9ral. Les images de nos enfants calculant eux-m\u00eames les votes des candidats de leur choix ou regardant par les claustras des bureaux de vote pour \u00e9viter la fraude et la tricherie ou encore de ceux qui ont risqu\u00e9 leur vie en allant accueillir leur leader \u00e0 N\u2019Djili le 26 novembre 2012 parlent d\u2019elles-m\u00eames.<\/p>\n<p>La politisation de nos masses populaires, celle de nos jeunes et de nos enfants semble constituer un affront pour \u00ab les ma\u00eetres du monde \u00bb. Cela dans la mesure o\u00f9 elle a permis de mettre en r\u00e9cit notre commune mis\u00e8re anthropologique et de nous la raconter en en indiquant les causes profondes proches, lointaines et imm\u00e9diates. Mais aussi en esquissant des solutions d\u00e9pendant d\u2019abord de nous-m\u00eames et en posant des questions qui nous rassemblent.<\/p>\n<p>Il serait important de penser \u00e0 certaines structures fa\u00eeti\u00e8res pour la sauvegarde de la vigilance citoyenne et de l\u2019unit\u00e9 politique de notre peuple. Multiplier \u00ab les partis pour l\u2019unit\u00e9 et\/ou l\u2019union \u00bb ne serait pas d\u2019une grande aide. Une structure fa\u00eeti\u00e8re coordonnant tous les mouvements, toutes les associations et tous les partis (ou leurs repr\u00e9sentants) militant pour l\u2019unit\u00e9 non-n\u00e9gociable de notre pays serait indispensable \u00e0 l\u2019heure qu\u2019il est. Nous avons besoin des Gardiens de l\u2019unit\u00e9 Congolaise dont nous avons t\u00e9moign\u00e9 tout au long de notre lutte d\u2019autod\u00e9termination. (Les Patriotes-R\u00e9sistants de Paris, de Bruxelles, de Londres, de Washington, de Berlin, de Kinshasa, de Beni-Lubero, etc. pourrait par exemple se servir du site www.ingeta.com pour s\u2019adonner \u00e0 ce travail de structuration du gardiennage de l\u2019unit\u00e9.)<\/p>\n<p>Avancer lentement mais s\u00fbrement dans notre lutte nous exige de capitaliser nos acquis et au besoin de les institutionnaliser pour leur permettre de durer contre l\u2019usure du temps. Les minorit\u00e9s organis\u00e9es et agissantes devraient s\u2019occuper de ce c\u00f4t\u00e9 institutionnel des acquis de notre lutte commune.<\/p>\n<p align=\"justify\"><strong><em>J.-P. Mbelu<\/em><\/strong><br \/>\n<strong><em>\u00a9 Congoind\u00e9pendant 2003-2012<\/em><\/strong><\/p>\n","protected":false},"excerpt":{"rendered":"<p>Source : Congoindependant.com. Par Jean-Pierre Mbelu. Marcher ensemble en mettant en r\u00e9cit la mis\u00e8re anthropologique dont souffre notre peuple, en indiquer les causes lointaines, proches et imm\u00e9diates, en identifier les auteurs agissant en r\u00e9seau transnational, tout cela semble agacer \u00ables ma\u00eetres du monde \u00bb. Habitu\u00e9s \u00e0 op\u00e9rer dans l\u2019ombre, ils sont tr\u00e8s mal \u00e0 l\u2019aise [&hellip;]<\/p>\n","protected":false},"author":1,"featured_media":1575,"comment_status":"open","ping_status":"open","sticky":false,"template":"","format":"standard","meta":{"_acf_changed":false,"content-type":"","footnotes":""},"categories":[107,122,124],"tags":[],"class_list":["post-1574","post","type-post","status-publish","format-standard","has-post-thumbnail","hentry","category-analyses-commentaires","category-news-alertes","category-politique-societe"],"acf":[],"_links":{"self":[{"href":"https:\/\/congolobilelo.com\/IN\/wp-json\/wp\/v2\/posts\/1574","targetHints":{"allow":["GET"]}}],"collection":[{"href":"https:\/\/congolobilelo.com\/IN\/wp-json\/wp\/v2\/posts"}],"about":[{"href":"https:\/\/congolobilelo.com\/IN\/wp-json\/wp\/v2\/types\/post"}],"author":[{"embeddable":true,"href":"https:\/\/congolobilelo.com\/IN\/wp-json\/wp\/v2\/users\/1"}],"replies":[{"embeddable":true,"href":"https:\/\/congolobilelo.com\/IN\/wp-json\/wp\/v2\/comments?post=1574"}],"version-history":[{"count":0,"href":"https:\/\/congolobilelo.com\/IN\/wp-json\/wp\/v2\/posts\/1574\/revisions"}],"wp:featuredmedia":[{"embeddable":true,"href":"https:\/\/congolobilelo.com\/IN\/wp-json\/"}],"wp:attachment":[{"href":"https:\/\/congolobilelo.com\/IN\/wp-json\/wp\/v2\/media?parent=1574"}],"wp:term":[{"taxonomy":"category","embeddable":true,"href":"https:\/\/congolobilelo.com\/IN\/wp-json\/wp\/v2\/categories?post=1574"},{"taxonomy":"post_tag","embeddable":true,"href":"https:\/\/congolobilelo.com\/IN\/wp-json\/wp\/v2\/tags?post=1574"}],"curies":[{"name":"wp","href":"https:\/\/api.w.org\/{rel}","templated":true}]}}