{"id":1564,"date":"2012-01-23T21:41:47","date_gmt":"2012-01-23T21:41:47","guid":{"rendered":"http:\/\/www.ingeta.com\/?p=1564"},"modified":"2012-01-23T21:41:47","modified_gmt":"2012-01-23T21:41:47","slug":"leveque-de-mbuji-mayi-denonce-des-menaces-contre-les-pretes-catholiques","status":"publish","type":"post","link":"https:\/\/congolobilelo.com\/IN\/leveque-de-mbuji-mayi-denonce-des-menaces-contre-les-pretes-catholiques\/","title":{"rendered":"L\u2019\u00e9v\u00eaque de Mbuji-Mayi d\u00e9nonce des menaces contre les pr\u00eates catholiques"},"content":{"rendered":"<p>\t\t\t\tSource: <a href=\"http:\/\/radiookapi.net\/\">Radio Okapi<\/a>. Publi\u00e9 le 23 janvier 2012.<\/p>\n<p>L\u2019\u00e9v\u00eaque du dioc\u00e8se de Mbuji-Mayi, Mgr Bernard-Emmanuel Kasanga est mont\u00e9 au cr\u00e9neau, ce lundi 23 janvier, pour d\u00e9noncer des cas de menaces et intimidations sur les abb\u00e9s catholiques du chef-lieu du Kasa\u00ef-Oriental. Selon des sources, quatre pr\u00eatres de ce dioc\u00e8se seraient recherch\u00e9s par des personnes non autrement identifi\u00e9es.<\/p>\n<p><img loading=\"lazy\" decoding=\"async\" class=\"alignleft size-full wp-image-1565\" title=\"IMG_9375\" src=\"http:\/\/www.ingeta.com\/wp-content\/uploads\/2012\/01\/IMG_9375.jpg\" alt=\"\" width=\"320\" height=\"240\" \/>Des inconnus passeraient par des fid\u00e8les pour recueillir des renseignements sur les pr\u00eatres catholiques et les couvents o\u00f9 ils habitent. Et pour Mgr Bernard-Emmanuel, ce ph\u00e9nom\u00e8ne fait suite aux \u00e9lections pr\u00e9sidentielle et l\u00e9gislatives du 28 novembre dernier:<\/p>\n<p>\u00ab<em>Il y a beaucoup de cas d\u2019ins\u00e9curit\u00e9 dans des couvents de s\u0153urs et autour des eccl\u00e9siastiques dans le presbyt\u00e8re. Tout autour, les voisins sont toujours inquiets et t\u00e9moins de cette ins\u00e9curit\u00e9 dans la ville de Mbuji-Mayi. Depuis un temps, on attendait plus parler de \u00e7a. Ce qui me pousse \u00e0 dire que depuis les \u00e9lections, une attitude s\u2019est install\u00e9e dans le chef de ceux qui nous s\u00e9curisent. On sent de leur part soit un abandon<\/em>.\u00bb<\/p>\n<p>Le dioc\u00e8se lie ces menaces \u00e0 la nature d\u2019hom\u00e9lies dites durant cette p\u00e9riode \u00e9lectorale, aux cours desquelles l\u2019\u00e9glise catholique d\u00e9nonce des \u00abdes irr\u00e9gularit\u00e9s et des faiblesses inqui\u00e9tantes\u00bb lors de ce double scrutin.<\/p>\n<p>\u00ab<em>Je pense que c\u2019est en rapport avec la v\u00e9rit\u00e9. Quand on a affaire \u00e0 des personnes qui ont fait l\u2019option de dire la v\u00e9rit\u00e9 et cette v\u00e9rit\u00e9 g\u00eane<\/em>\u00bb, a conclu l\u2019\u00e9v\u00eaque du dioc\u00e8se de Mbuji-Mayi.<\/p>\n<p>Mgr Kasanga a ainsi lanc\u00e9 un appel au Conseil de s\u00e9curit\u00e9 provincial du Kasa\u00ef-Oriental pour sauvegarder la soci\u00e9t\u00e9 et prot\u00e9ger tous les paisibles citoyens.\t\t<\/p>\n","protected":false},"excerpt":{"rendered":"<p>Source: Radio Okapi. Publi\u00e9 le 23 janvier 2012. L\u2019\u00e9v\u00eaque du dioc\u00e8se de Mbuji-Mayi, Mgr Bernard-Emmanuel Kasanga est mont\u00e9 au cr\u00e9neau, ce lundi 23 janvier, pour d\u00e9noncer des cas de menaces et intimidations sur les abb\u00e9s catholiques du chef-lieu du Kasa\u00ef-Oriental. Selon des sources, quatre pr\u00eatres de ce dioc\u00e8se seraient recherch\u00e9s par des personnes non autrement [&hellip;]<\/p>\n","protected":false},"author":1,"featured_media":1565,"comment_status":"open","ping_status":"open","sticky":false,"template":"","format":"standard","meta":{"_acf_changed":false,"content-type":"","footnotes":""},"categories":[122,124],"tags":[],"class_list":["post-1564","post","type-post","status-publish","format-standard","has-post-thumbnail","hentry","category-news-alertes","category-politique-societe"],"acf":[],"_links":{"self":[{"href":"https:\/\/congolobilelo.com\/IN\/wp-json\/wp\/v2\/posts\/1564","targetHints":{"allow":["GET"]}}],"collection":[{"href":"https:\/\/congolobilelo.com\/IN\/wp-json\/wp\/v2\/posts"}],"about":[{"href":"https:\/\/congolobilelo.com\/IN\/wp-json\/wp\/v2\/types\/post"}],"author":[{"embeddable":true,"href":"https:\/\/congolobilelo.com\/IN\/wp-json\/wp\/v2\/users\/1"}],"replies":[{"embeddable":true,"href":"https:\/\/congolobilelo.com\/IN\/wp-json\/wp\/v2\/comments?post=1564"}],"version-history":[{"count":0,"href":"https:\/\/congolobilelo.com\/IN\/wp-json\/wp\/v2\/posts\/1564\/revisions"}],"wp:featuredmedia":[{"embeddable":true,"href":"https:\/\/congolobilelo.com\/IN\/wp-json\/"}],"wp:attachment":[{"href":"https:\/\/congolobilelo.com\/IN\/wp-json\/wp\/v2\/media?parent=1564"}],"wp:term":[{"taxonomy":"category","embeddable":true,"href":"https:\/\/congolobilelo.com\/IN\/wp-json\/wp\/v2\/categories?post=1564"},{"taxonomy":"post_tag","embeddable":true,"href":"https:\/\/congolobilelo.com\/IN\/wp-json\/wp\/v2\/tags?post=1564"}],"curies":[{"name":"wp","href":"https:\/\/api.w.org\/{rel}","templated":true}]}}