{"id":1560,"date":"2012-01-23T21:30:31","date_gmt":"2012-01-23T21:30:31","guid":{"rendered":"http:\/\/www.ingeta.com\/?p=1560"},"modified":"2012-01-23T21:30:31","modified_gmt":"2012-01-23T21:30:31","slug":"conferencedebat-manifestations-anti-kabila-et-repressions-policieres-le-3-fevrier-2012-a-bruxelles","status":"publish","type":"post","link":"https:\/\/congolobilelo.com\/IN\/conferencedebat-manifestations-anti-kabila-et-repressions-policieres-le-3-fevrier-2012-a-bruxelles\/","title":{"rendered":"Conf\u00e9rence\/d\u00e9bat : manifestations anti-Kabila et r\u00e9pressions polici\u00e8res. Le 3 f\u00e9vrier 2012 \u00e0 Bruxelles"},"content":{"rendered":"<p>\t\t\t\t<strong>\u00a0African Socialist International<\/strong> vous \u00e0 la conf\u00e9rence\/d\u00e9bat :<\/p>\n<p><em>&#8220;Manifestations contre le r\u00e9gime N\u00c9O-COLONIAL de KABILA et R\u00c9PRESSION POLICI\u00c8RE : Comprendre pour mieux S\u2019ORGANISER !&#8221;<\/em><\/p>\n<p><strong>Lieu: <\/strong><br \/>\ncentre culturel Flamand Nekkersdal<br \/>\n107, Avenue E. Bockstael, 1020 Bruxelles, Belgique.<\/p>\n<p><strong>Heure:<\/strong><br \/>\n18h30 \u00e0 22h.<\/p>\n<p><strong>Programme : <\/strong><br \/>\n18h30 : Ouverture des portes<\/p>\n<p>Partie I : Analyse des faits<br \/>\n19h00 \u2013 19h15: Introduction (A.S.I.)<br \/>\n19h15 \u2013 19h45 : Analyse des manifestations anti-Kabila et du r\u00f4le des institutions de l&#8217;\u00c9tat Belge (ASI)<br \/>\n19h45\u2013 20h15 : Pause (petite restauration disponible au bar)<\/p>\n<p>Partie II : Solutions propos\u00e9es<br \/>\n20h15 \u2013 20h45 : Intervention de la JOC dans le cadre de la campagne \u00ab STOP REPRESSION \u00bb<br \/>\n20h45 \u2013 21h15 : Pr\u00e9sentation du Mouvement populaire international et d\u00e9mocratique Uhuru (InPDUM)<\/p>\n<p>21h15 \u2013 22h30 : D\u00e9bat.<br \/>\nUne police hyper-violente et provocatrice, des m\u00e9dia qui n\u2019apparaissent que pour constater les d\u00e9g\u00e2ts, des lois r\u00e9pressives pass\u00e9es dans un contexte de chaos organis\u00e9 par le gouvernement. La g\u00e9n\u00e9ralisation et le nombre d\u2019attaques n\u00e9grophobes hyper-violentes au sein de la police d\u00e9montrent qu\u2019elles ont \u00e9t\u00e9, sinon encourag\u00e9es, au moins consenties par leur hi\u00e9rarchie et le gouvernement f\u00e9d\u00e9ral. C\u2019est parce que la communaut\u00e9 africaine a point\u00e9 du doigt le r\u00f4le de la Communaut\u00e9 Internationale et de la Belgique dans le maintien au pouvoir de Kabila qu\u2019elle a \u00e9t\u00e9 aussi sauvagement r\u00e9prim\u00e9e.<\/p>\n<p><strong><iframe loading=\"lazy\" title=\"R\u00e9pression et violence syst\u00e9matique de la police belge sur les manifestants africains [VOSTEN]\" width=\"1080\" height=\"810\" src=\"https:\/\/www.youtube.com\/embed\/ydItrEyZ0g8?feature=oembed\" frameborder=\"0\" allow=\"accelerometer; autoplay; clipboard-write; encrypted-media; gyroscope; picture-in-picture; web-share\" referrerpolicy=\"strict-origin-when-cross-origin\" allowfullscreen><\/iframe> <\/strong><\/p>\n<p>L\u2019imp\u00e9rialisme occidental le sait :<br \/>\nNOUS AVONS LE DROIT DE R\u00c9SISTER ET DE LUTTER POUR NOTRE AUTOD\u00c9TERMINATION !<\/p>\n<p>ORGANISONS NOUS pour R\u00c9SISTER ET D\u00c9FENDRE l\u2019Afrique et les Africains du monde entier contre le capitalisme qui nous oppresse et nous extermine !<\/p>\n<p>A.S.I. Belgium propose une rencontre pour livrer son analyse politique et d\u00e9velopper des solutions d&#8217;organisation concr\u00e8tes !<\/p>\n<p>UHURU &#8211; KIMPWANZA<\/p>\n<p>Avertissement : cette conf\u00e9rence n&#8217;est pas une manifestation pro-Tshisekedi ou pro-UDPS, le but est de trouver des solutions concr\u00e8tes pour la communaut\u00e9 Africaine en Belgique et de contribuer \u00e0 la lutte pour l&#8217;autod\u00e9termination africaine en g\u00e9n\u00e9ral. Les propos qui divisent l&#8217;unit\u00e9 du peuple Africain (et qui facilitent donc le travail de l&#8217;Imp\u00e9rialisme) ne seront pas tol\u00e9r\u00e9s.\t\t<\/p>\n","protected":false},"excerpt":{"rendered":"<p>\u00a0African Socialist International vous \u00e0 la conf\u00e9rence\/d\u00e9bat : &#8220;Manifestations contre le r\u00e9gime N\u00c9O-COLONIAL de KABILA et R\u00c9PRESSION POLICI\u00c8RE : Comprendre pour mieux S\u2019ORGANISER !&#8221; Lieu: centre culturel Flamand Nekkersdal 107, Avenue E. Bockstael, 1020 Bruxelles, Belgique. Heure: 18h30 \u00e0 22h. Programme : 18h30 : Ouverture des portes Partie I : Analyse des faits 19h00 \u2013 [&hellip;]<\/p>\n","protected":false},"author":1,"featured_media":1562,"comment_status":"open","ping_status":"open","sticky":false,"template":"","format":"standard","meta":{"_acf_changed":false,"content-type":"","footnotes":""},"categories":[167,145,108,124,127],"tags":[],"class_list":["post-1560","post","type-post","status-publish","format-standard","has-post-thumbnail","hentry","category-belgique","category-conferences-salons","category-evenements","category-politique-societe","category-rencontresdebats"],"acf":[],"_links":{"self":[{"href":"https:\/\/congolobilelo.com\/IN\/wp-json\/wp\/v2\/posts\/1560","targetHints":{"allow":["GET"]}}],"collection":[{"href":"https:\/\/congolobilelo.com\/IN\/wp-json\/wp\/v2\/posts"}],"about":[{"href":"https:\/\/congolobilelo.com\/IN\/wp-json\/wp\/v2\/types\/post"}],"author":[{"embeddable":true,"href":"https:\/\/congolobilelo.com\/IN\/wp-json\/wp\/v2\/users\/1"}],"replies":[{"embeddable":true,"href":"https:\/\/congolobilelo.com\/IN\/wp-json\/wp\/v2\/comments?post=1560"}],"version-history":[{"count":0,"href":"https:\/\/congolobilelo.com\/IN\/wp-json\/wp\/v2\/posts\/1560\/revisions"}],"wp:featuredmedia":[{"embeddable":true,"href":"https:\/\/congolobilelo.com\/IN\/wp-json\/"}],"wp:attachment":[{"href":"https:\/\/congolobilelo.com\/IN\/wp-json\/wp\/v2\/media?parent=1560"}],"wp:term":[{"taxonomy":"category","embeddable":true,"href":"https:\/\/congolobilelo.com\/IN\/wp-json\/wp\/v2\/categories?post=1560"},{"taxonomy":"post_tag","embeddable":true,"href":"https:\/\/congolobilelo.com\/IN\/wp-json\/wp\/v2\/tags?post=1560"}],"curies":[{"name":"wp","href":"https:\/\/api.w.org\/{rel}","templated":true}]}}