{"id":15392,"date":"2024-11-03T15:32:16","date_gmt":"2024-11-03T15:32:16","guid":{"rendered":"https:\/\/www.ingeta.com\/?p=15392"},"modified":"2024-11-03T15:32:16","modified_gmt":"2024-11-03T15:32:16","slug":"en-2006-le-kongo-kinshasa-etait-un-etat-rate-sous-tutelle","status":"publish","type":"post","link":"https:\/\/congolobilelo.com\/IN\/en-2006-le-kongo-kinshasa-etait-un-etat-rate-sous-tutelle\/","title":{"rendered":"En 2006, le Kongo-Kinshasa \u00e9tait un Etat (rat\u00e9) sous tutelle"},"content":{"rendered":"<p>Par Jean-Pierre Mbelu<\/p>\n<p><strong>Plusieurs compatriotes qui disent aujourd&#8217;hui &#8220;touche pas \u00e0 ma constitution&#8221; ne savent pas et\/ou ont vite oubli\u00e9 qu&#8217;il \u00e9tait interdit au parlement kongolais de la transition de parler de l&#8217;identit\u00e9 kongolaise.<\/strong><\/p>\n<p>Si, avec les amis, nous avions qualifi\u00e9 &#8220;la Constitution&#8221; de 2006 de feuille de choux, c&#8217;est parce que nous savions dans quel contexte elle \u00e9tait n\u00e9e. Le pays \u00e9tait sous la tutelle de l&#8217;ONU et g\u00e9r\u00e9 par le CIAT de l&#8217;am\u00e9ricain Swing. C&#8217;est dans ce contexte que Jean-Pierre Bemba va accepter &#8220;l&#8217;inacceptable&#8221;. Tout \u00e9tait fait en fonction du &#8220;filleul&#8221; des parrains. Jean-Pierre Bemba le sait.<\/p>\n<blockquote><p><span style=\"color: #0080ff;\"><strong>Au Kongo-Kinshasa, l&#8217;amn\u00e9sie est une maladie plus que contagieuse. Les lecteurs et\/ou les relecteurs de <em>&#8220;Les \u00ab faiseurs de paix \u00bb. Gestion d&#8217;une crise internationale dans un pays sous tutelle&#8221;<\/em> de Jean-Claude Willame pourront comprendre que r\u00e9diger une constitution digne de ce nom dans un pays sous tutelle ne pouvait \u00eatre qu&#8217;une absurdit\u00e9.<\/strong><\/span><\/p><\/blockquote>\n<p>Effacer cet \u00e9pisode de notre histoire, c&#8217;est de la folie. C&#8217;est effectivement au cours de cet \u00e9pisode de notre histoire qu&#8217;il a \u00e9t\u00e9 interdit au parlement de la transition de parler de l&#8217;identit\u00e9 kongolaise. &#8220;La congolit\u00e9 \u00e9tait assimil\u00e9e \u00e0 l&#8217;ivoirit\u00e9&#8221; dont les soubassements ont \u00e9t\u00e9 mis sur la place publique par Bourgi. Avoir une constitution li\u00e9e \u00e0 l&#8217;identit\u00e9 kongolaise est une question existentielle pour les Kongolais(es).<\/p>\n<p>J&#8217;ai eu une chance \u00e9norme. A cette p\u00e9riode, un ami organisait r\u00e9guli\u00e8rement des \u00e9missions sur Congoone et nous parlions de toutes ces questions et\/ou des articles \u00e9taient publi\u00e9s \u00e0 ce sujet. Parler aujourd&#8217;hui de cette p\u00e9riode comme si c&#8217;\u00e9tait une \u00e9poque o\u00f9 le Kongo-Kinshasa jouissant de sa souverainet\u00e9 a choisi d&#8217;\u00e9crire une constitution digne de ce nom est une vue d&#8217;esprit. Malheureusement, au Kongo-Kinshasa, l&#8217;amn\u00e9sie est une maladie plus que contagieuse.<\/p>\n<p>Les lecteurs et\/ou les relecteurs de <em>&#8220;Les \u00ab faiseurs de paix \u00bb. Gestion d&#8217;une crise internationale dans un pays sous tutelle&#8221;<\/em> (Bruxelles, Grip, 2008) de Jean-Claude Willame pourront comprendre que r\u00e9diger une constitution digne de ce nom dans un pays sous tutelle ne pouvait \u00eatre qu&#8217;une absurdit\u00e9.<\/p>\n<p>Ne pas d\u00e9chirer cette &#8220;feuille de chou&#8221; de 2006 apr\u00e8s de bonnes assises de refondation, c&#8217;est vouloir que le Kongo-Kinshasa demeure un absurdistan. La fin de la guerre et de la tutelle de l&#8217;ONU pourrait \u00eatre consid\u00e9r\u00e9e comme l&#8217;une des conditions sine qua non de la r\u00e9daction d&#8217;une constitution souveraine.<\/p>\n<p><em>Babanya Kabudi<\/em><\/p>\n","protected":false},"excerpt":{"rendered":"<p>Par Jean-Pierre Mbelu Plusieurs compatriotes qui disent aujourd&#8217;hui &#8220;touche pas \u00e0 ma constitution&#8221; ne savent pas et\/ou ont vite oubli\u00e9 qu&#8217;il \u00e9tait interdit au parlement kongolais de la transition de parler de l&#8217;identit\u00e9 kongolaise. Si, avec les amis, nous avions qualifi\u00e9 &#8220;la Constitution&#8221; de 2006 de feuille de choux, c&#8217;est parce que nous savions dans [&hellip;]<\/p>\n","protected":false},"author":1,"featured_media":16553,"comment_status":"closed","ping_status":"open","sticky":false,"template":"","format":"standard","meta":{"_acf_changed":false,"content-type":"","footnotes":""},"categories":[201,123,197],"tags":[],"class_list":["post-15392","post","type-post","status-publish","format-standard","has-post-thumbnail","hentry","category-etat","category-paroles-dingeta","category-pensee-critique"],"acf":[],"_links":{"self":[{"href":"https:\/\/congolobilelo.com\/IN\/wp-json\/wp\/v2\/posts\/15392","targetHints":{"allow":["GET"]}}],"collection":[{"href":"https:\/\/congolobilelo.com\/IN\/wp-json\/wp\/v2\/posts"}],"about":[{"href":"https:\/\/congolobilelo.com\/IN\/wp-json\/wp\/v2\/types\/post"}],"author":[{"embeddable":true,"href":"https:\/\/congolobilelo.com\/IN\/wp-json\/wp\/v2\/users\/1"}],"replies":[{"embeddable":true,"href":"https:\/\/congolobilelo.com\/IN\/wp-json\/wp\/v2\/comments?post=15392"}],"version-history":[{"count":0,"href":"https:\/\/congolobilelo.com\/IN\/wp-json\/wp\/v2\/posts\/15392\/revisions"}],"wp:featuredmedia":[{"embeddable":true,"href":"https:\/\/congolobilelo.com\/IN\/wp-json\/wp\/v2\/media\/16553"}],"wp:attachment":[{"href":"https:\/\/congolobilelo.com\/IN\/wp-json\/wp\/v2\/media?parent=15392"}],"wp:term":[{"taxonomy":"category","embeddable":true,"href":"https:\/\/congolobilelo.com\/IN\/wp-json\/wp\/v2\/categories?post=15392"},{"taxonomy":"post_tag","embeddable":true,"href":"https:\/\/congolobilelo.com\/IN\/wp-json\/wp\/v2\/tags?post=15392"}],"curies":[{"name":"wp","href":"https:\/\/api.w.org\/{rel}","templated":true}]}}