{"id":15368,"date":"2024-10-28T15:12:01","date_gmt":"2024-10-28T15:12:01","guid":{"rendered":"https:\/\/www.ingeta.com\/?p=15368"},"modified":"2024-10-28T15:12:01","modified_gmt":"2024-10-28T15:12:01","slug":"la-versatilite-des-politicards-kongolais-est-stupefiante","status":"publish","type":"post","link":"https:\/\/congolobilelo.com\/IN\/la-versatilite-des-politicards-kongolais-est-stupefiante\/","title":{"rendered":"La versatilit\u00e9 des politicards kongolais est stup\u00e9fiante"},"content":{"rendered":"<p>Par Jean-Pierre Mbelu<\/p>\n<p><em>&#8220;Nul ne peut servir deux ma\u00eetres. Car, ou il ha\u00efra l&#8217;un, et aimera l&#8217;autre; ou il s&#8217;attachera \u00e0 l&#8217;un, et m\u00e9prisera l&#8217;autre. Vous ne pouvez servir Dieu et Mamon.&#8221;<\/em> &#8211; Matthieu 6, 24<\/p>\n<p><strong>Le Kongo-Kinshasa est en guerre depuis bient\u00f4t plus de trois d\u00e9cennies. Cette guerre se m\u00e8ne par procuration. Ainsi est-elle d\u00e9nomm\u00e9e guerre de basse intensit\u00e9. Elle est \u00e0 placer dans une longue histoire de la traite n\u00e9gri\u00e8re, de la colonisation et de la n\u00e9ocolonisation.<\/strong><\/p>\n<p>Les paradigmes de n\u00e9antisation et d&#8217;indignit\u00e9 ayant profond\u00e9ment marqu\u00e9 l&#8217;imaginaire des politicards kongolais semblent avoir produit en eux l&#8217;intelligence du rien, du n\u00e9ant. Ils auraient une addiction \u00e0 l&#8217;assujettissement, \u00e0 la soumission et \u00e0 l&#8217;esclavagisme. Ces paradigmes n\u00e9gatifs au service du capitalisme triomphant ont favoris\u00e9 le triomphe de l&#8217;h\u00e9g\u00e9monie culturelle privil\u00e9giant les principes du march\u00e9 au coeur des relations interpersonnelles.<\/p>\n<blockquote><p><span style=\"color: #0080ff;\"><strong>La versatilit\u00e9 des politicards kongolais est stup\u00e9fiante. Elle devrait \u00eatre interpr\u00e9t\u00e9e comme une instabilit\u00e9 mentale. N&#8217;ayant pas la culture des archives et de l&#8217;entretien de la conscience historique, ils sont incapables d&#8217;un minimum de constance sur le temps long. C&#8217;est tr\u00e8s dangereux pour le pays. <\/strong><\/span><\/p><\/blockquote>\n<p>En d&#8217;autres termes, le triomphe de la culture h\u00e9g\u00e9monique n\u00e9olib\u00e9rale dans les coeurs et les esprits des politicards kongolais les a conduits \u00e0 adopter les principes du march\u00e9 en politique. Magnifiant la comp\u00e9titivit\u00e9 et la concurrence, ils ont perdu les valeurs du coeur, la compassion, la g\u00e9n\u00e9rosit\u00e9 et l&#8217;altruisme. Ce choix des principes du march\u00e9 les pousserait \u00e0 opter pour l&#8217;h\u00e9donisme consum\u00e9riste, l&#8217;intelligence de l&#8217;envie et de la convoitise et la violence (non ritualis\u00e9e), la haine et la m\u00e9chancet\u00e9. Cette option est compromettante pour le devenir collectif kongolais.<\/p>\n<p>De ce qui pr\u00e9c\u00e8de, il devient possible d&#8217;\u00e9mettre une hypoth\u00e8se selon laquelle la versatilit\u00e9 des politicards kongolais est stup\u00e9fiante. Elle devrait \u00eatre interpr\u00e9t\u00e9e comme une instabilit\u00e9 mentale. N&#8217;ayant pas la culture des archives et de l&#8217;entretien de la conscience historique, ils sont incapables d&#8217;un minimum de constance sur le temps long. C&#8217;est tr\u00e8s dangereux pour le pays. Une petite collecte et une petite visualisation de leurs vid\u00e9os sur les vingt derni\u00e8res ann\u00e9es \u00e9tonneraient les plus na\u00effs d&#8217;entre nous.<\/p>\n<p>Ils ne sont ni de gauche, ni de droite, ni du centre. Ils ne sont de nulle part. Ils s&#8217;unissent aujourd&#8217;hui. Ils se s\u00e9parent demain. Ils soutiennent aujourd&#8217;hui une th\u00e8se qu&#8217;ils contestent demain. Et voil\u00e0&#8230;<\/p>\n<p>Comment les populations kongolaises arrivent-elles \u00e0 faire confiance \u00e0 ces politicards sans vision de long terme, sans consistance ni constance ? Or, la politique est une question de long terme. Peut-\u00eatre parce qu&#8217;elles sont, majoritairement, \u00e0 l&#8217;image de ces m\u00eames politicards.<\/p>\n<p>Cette inconstance serait la face visible d&#8217; une crise de la repr\u00e9sentation contre laquelle les minorit\u00e9s \u00e9veill\u00e9es luttent depuis belle lurette. Elle a g\u00e9n\u00e9r\u00e9 et peut encore g\u00e9n\u00e9rer un &#8220;chaos fondateur&#8221; d&#8217;un ordre diff\u00e9rent aux cons\u00e9quences incalculables. Les crises de 2015-2016 sont un exemple assez parlant. Juguler cette crise de la repr\u00e9sentation comme celle anthropologique dont elle est l&#8217;une des manifestations passerait par des assises de refondation et\/ou par l&#8217;institution d&#8217;un ordre diff\u00e9rent fond\u00e9 sur des principes politiques patriotiques et souverainistes clairement et collectivement d\u00e9finis en vue d&#8217; une \u00e9mancipation politique salvatrice pour un plus grand nombre.<\/p>\n<p>&nbsp;<\/p>\n<p><em>Babanya Kabudi<\/em><br \/>\n<em>G\u00e9n\u00e9ration Lumumba 1961<\/em><\/p>\n","protected":false},"excerpt":{"rendered":"<p>Par Jean-Pierre Mbelu &#8220;Nul ne peut servir deux ma\u00eetres. Car, ou il ha\u00efra l&#8217;un, et aimera l&#8217;autre; ou il s&#8217;attachera \u00e0 l&#8217;un, et m\u00e9prisera l&#8217;autre. Vous ne pouvez servir Dieu et Mamon.&#8221; &#8211; Matthieu 6, 24 Le Kongo-Kinshasa est en guerre depuis bient\u00f4t plus de trois d\u00e9cennies. Cette guerre se m\u00e8ne par procuration. Ainsi est-elle [&hellip;]<\/p>\n","protected":false},"author":1,"featured_media":16549,"comment_status":"closed","ping_status":"open","sticky":false,"template":"","format":"standard","meta":{"_acf_changed":false,"content-type":"","footnotes":""},"categories":[123,197,124],"tags":[],"class_list":["post-15368","post","type-post","status-publish","format-standard","has-post-thumbnail","hentry","category-paroles-dingeta","category-pensee-critique","category-politique-societe"],"acf":[],"_links":{"self":[{"href":"https:\/\/congolobilelo.com\/IN\/wp-json\/wp\/v2\/posts\/15368","targetHints":{"allow":["GET"]}}],"collection":[{"href":"https:\/\/congolobilelo.com\/IN\/wp-json\/wp\/v2\/posts"}],"about":[{"href":"https:\/\/congolobilelo.com\/IN\/wp-json\/wp\/v2\/types\/post"}],"author":[{"embeddable":true,"href":"https:\/\/congolobilelo.com\/IN\/wp-json\/wp\/v2\/users\/1"}],"replies":[{"embeddable":true,"href":"https:\/\/congolobilelo.com\/IN\/wp-json\/wp\/v2\/comments?post=15368"}],"version-history":[{"count":0,"href":"https:\/\/congolobilelo.com\/IN\/wp-json\/wp\/v2\/posts\/15368\/revisions"}],"wp:featuredmedia":[{"embeddable":true,"href":"https:\/\/congolobilelo.com\/IN\/wp-json\/wp\/v2\/media\/16549"}],"wp:attachment":[{"href":"https:\/\/congolobilelo.com\/IN\/wp-json\/wp\/v2\/media?parent=15368"}],"wp:term":[{"taxonomy":"category","embeddable":true,"href":"https:\/\/congolobilelo.com\/IN\/wp-json\/wp\/v2\/categories?post=15368"},{"taxonomy":"post_tag","embeddable":true,"href":"https:\/\/congolobilelo.com\/IN\/wp-json\/wp\/v2\/tags?post=15368"}],"curies":[{"name":"wp","href":"https:\/\/api.w.org\/{rel}","templated":true}]}}