{"id":15333,"date":"2024-10-08T23:54:31","date_gmt":"2024-10-08T23:54:31","guid":{"rendered":"https:\/\/www.ingeta.com\/?p=15333"},"modified":"2024-10-08T23:54:31","modified_gmt":"2024-10-08T23:54:31","slug":"lelite-congolaise-et-la-souverainete-de-la-politique-etrangere","status":"publish","type":"post","link":"https:\/\/congolobilelo.com\/IN\/lelite-congolaise-et-la-souverainete-de-la-politique-etrangere\/","title":{"rendered":"L\u2019\u00e9lite congolaise et la souverainet\u00e9 de la politique \u00e9trang\u00e8re: entre d\u00e9pendance et autod\u00e9termination"},"content":{"rendered":"<p>Par Mufoncol Tshiyoyo<\/p>\n<p><strong>Une \u00e9lite sans pouvoir ni vision claire sur sa politique \u00e9trang\u00e8re condamne son pays \u00e0 l&#8217;ignorance et \u00e0 l&#8217;insignifiance. <\/strong><\/p>\n<p>Cette r\u00e9alit\u00e9 est flagrante lorsqu\u2019on observe les \u00e9lites congolaises, qui se perdent dans des plaintes st\u00e9riles plut\u00f4t que de construire une strat\u00e9gie internationale coh\u00e9rente. Il est choquant de voir cette \u00e9lite protester contre l&#8217;absence d&#8217;intervention de la France dans la guerre dans l&#8217;est du Congo. La France n&#8217;est pas la repr\u00e9sentante officielle du peuple congolais et ne doit pas exprimer ses inqui\u00e9tudes sur le plan international, \u00e0 moins qu&#8217;elle ne soit int\u00e9ress\u00e9e.<\/p>\n<h3>L&#8217;exemple du Niger, du Mali et du Burkina Faso<\/h3>\n<p>Prenons l&#8217;exemple du Niger, du Mali et du Burkina Faso. Ces pays, bien qu&#8217;affrontant des crises internes comme des coups d&#8217;\u00c9tat, l&#8217;ins\u00e9curit\u00e9 li\u00e9e aux groupes djihadistes et des pressions \u00e9conomiques, ont d\u00e9cid\u00e9 de r\u00e9duire leur d\u00e9pendance vis-\u00e0-vis des puissances ext\u00e9rieures. En rompant en partie avec la France et en red\u00e9finissant leurs alliances, ces \u00c9tats cherchent \u00e0 reprendre le contr\u00f4le de leur politique \u00e9trang\u00e8re. Cette d\u00e9marche, bien que complexe et risqu\u00e9e, t\u00e9moigne d&#8217;une volont\u00e9 de reconqu\u00e9rir leur autonomie politique et diplomatique.<\/p>\n<blockquote><p><span style=\"color: #0080ff;\"><strong>Le Congo ne peut esp\u00e9rer b\u00e9n\u00e9ficier d&#8217;un soutien externe que s&#8217;il parvient \u00e0 se rendre indispensable dans le jeu g\u00e9opolitique international. La solidarit\u00e9 ou les pr\u00e9occupations morales ne suffisent pas \u00e0 mobiliser des alliances durables.<\/strong><\/span><\/p><\/blockquote>\n<p>Selon la doctrine r\u00e9aliste en relations internationales, chaque \u00c9tat \u00e9volue dans un environnement anarchique et incertain, o\u00f9 sa survie d\u00e9pend avant tout de sa capacit\u00e9 \u00e0 d\u00e9fendre ses propres int\u00e9r\u00eats. Dans ce cadre, la France ou toute autre puissance agira avant tout pour prot\u00e9ger ses propres avantages strat\u00e9giques. Le Congo, en revanche, ne peut esp\u00e9rer b\u00e9n\u00e9ficier d&#8217;un soutien externe que s&#8217;il parvient \u00e0 se rendre indispensable dans le jeu g\u00e9opolitique international. La solidarit\u00e9 ou les pr\u00e9occupations morales ne suffisent pas \u00e0 mobiliser des alliances durables.<\/p>\n<p>La question cruciale est donc la suivante : le Congo peut-il se contenter d&#8217;attendre que d&#8217;autres d\u00e9fendent ses int\u00e9r\u00eats, ou doit-il, d\u00e8s aujourd&#8217;hui, construire une politique \u00e9trang\u00e8re forte et autonome ? Chaque \u00c9tat doit avant tout d\u00e9fendre ses propres int\u00e9r\u00eats dans l\u2019ar\u00e8ne internationale. Se reposer sur une intervention \u00e9trang\u00e8re pour d\u00e9finir sa politique ext\u00e9rieure revient \u00e0 vendre sa souverainet\u00e9, un droit que seuls les Congolais peuvent exercer pour fa\u00e7onner leur destin collectif.<\/p>\n<h3>Le d\u00e9fi pour le Congo<\/h3>\n<p>Dans le contexte actuel des relations internationales, marqu\u00e9 par des tensions \u00e9conomiques et g\u00e9opolitiques croissantes, aucun pays n\u2019est enti\u00e8rement libre de ses d\u00e9cisions. Les \u00c9tats, surtout ceux en d\u00e9veloppement, naviguent dans des eaux troubles, confront\u00e9s \u00e0 des pressions \u00e9conomiques, g\u00e9opolitiques et s\u00e9curitaires.<\/p>\n<blockquote><p><span style=\"color: #0080ff;\"><strong>Le d\u00e9fi pour le Congo est de se doter d&#8217;une \u00e9lite politique susceptible d&#8217;articuler une vision coh\u00e9rente, qui d\u00e9passe les pr\u00e9occupations imm\u00e9diates et r\u00e9actives, et de forger des alliances internationales fond\u00e9es sur ses propres int\u00e9r\u00eats.<\/strong><\/span><\/p><\/blockquote>\n<p>Il en va de m\u00eame pour le Congo, dont la politique \u00e9trang\u00e8re semble souvent dict\u00e9e par les circonstances imm\u00e9diates ou les influences ext\u00e9rieures, plut\u00f4t que par une vision strat\u00e9gique concert\u00e9e. Il est donc l\u00e9gitime de se demander : y a-t-il r\u00e9ellement une politique \u00e9trang\u00e8re congolaise qui repose sur une vision \u00e0 long terme, ou bien est-elle le fruit des humeurs individuelles des dirigeants ?<\/p>\n<p>Une politique \u00e9trang\u00e8re v\u00e9ritablement souveraine ne peut pas se fonder sur des r\u00e9ponses ponctuelles ou des d\u00e9cisions opportunistes. Elle doit \u00e9maner d\u2019une \u00e9lite capable de penser et d\u2019agir de mani\u00e8re strat\u00e9gique, en tenant compte des priorit\u00e9s nationales \u00e0 long terme. Le d\u00e9fi pour le Congo est de se doter d&#8217;une \u00e9lite politique susceptible d&#8217;articuler une vision coh\u00e9rente, qui d\u00e9passe les pr\u00e9occupations imm\u00e9diates et r\u00e9actives, et de forger des alliances internationales fond\u00e9es sur ses propres int\u00e9r\u00eats.<\/p>\n<h3>Cesser de compter sur des interventions ext\u00e9rieures<\/h3>\n<p>La souverainet\u00e9 ne se r\u00e9clame pas, elle se construit patiemment \u00e0 travers des actions concr\u00e8tes et une vision \u00e0 long terme. Les \u00e9lites congolaises doivent cesser de compter sur des interventions ext\u00e9rieures pour r\u00e9soudre leurs probl\u00e8mes internes.<\/p>\n<blockquote><p><span style=\"color: #0080ff;\"><strong>La souverainet\u00e9 ne se r\u00e9clame pas, elle se construit patiemment \u00e0 travers des actions concr\u00e8tes et une vision \u00e0 long terme.<\/strong><\/span><\/p><\/blockquote>\n<p>Elles doivent, au contraire, articuler une politique \u00e9trang\u00e8re souveraine, fond\u00e9e sur les aspirations du peuple congolais et un engagement profond \u00e0 d\u00e9fendre ces int\u00e9r\u00eats sur la sc\u00e8ne internationale. Si elles \u00e9chouent \u00e0 accomplir cette t\u00e2che, elles perdront progressivement leur l\u00e9gitimit\u00e9 et leur capacit\u00e9 \u00e0 influer sur le destin du Congo.<\/p>\n<p>En somme, le Congo, comme tout autre \u00c9tat, ne peut pas se permettre d\u2019\u00eatre un spectateur passif dans les affaires internationales. Seule une politique \u00e9trang\u00e8re coh\u00e9rente, \u00e9tablie \u00e0 partir d&#8217;une vision claire et ancr\u00e9e dans les r\u00e9alit\u00e9s locales, pourra garantir que les int\u00e9r\u00eats du pays soient d\u00e9fendus et respect\u00e9s dans les cercles diplomatiques. Il incombe \u00e0 l&#8217;\u00e9lite congolaise de prendre la responsabilit\u00e9 de cette vision et de la r\u00e9ussir.<\/p>\n<p><em>Mufoncol Tshiyoyo, M.T.<br \/>\nThink tank La Lib\u00e9ration par la Perception, Lp<\/em><\/p>\n","protected":false},"excerpt":{"rendered":"<p>Par Mufoncol Tshiyoyo Une \u00e9lite sans pouvoir ni vision claire sur sa politique \u00e9trang\u00e8re condamne son pays \u00e0 l&#8217;ignorance et \u00e0 l&#8217;insignifiance. Cette r\u00e9alit\u00e9 est flagrante lorsqu\u2019on observe les \u00e9lites congolaises, qui se perdent dans des plaintes st\u00e9riles plut\u00f4t que de construire une strat\u00e9gie internationale coh\u00e9rente. Il est choquant de voir cette \u00e9lite protester contre [&hellip;]<\/p>\n","protected":false},"author":1,"featured_media":16537,"comment_status":"closed","ping_status":"open","sticky":false,"template":"","format":"standard","meta":{"_acf_changed":false,"content-type":"","footnotes":""},"categories":[107,201,197,124],"tags":[],"class_list":["post-15333","post","type-post","status-publish","format-standard","has-post-thumbnail","hentry","category-analyses-commentaires","category-etat","category-pensee-critique","category-politique-societe"],"acf":[],"_links":{"self":[{"href":"https:\/\/congolobilelo.com\/IN\/wp-json\/wp\/v2\/posts\/15333","targetHints":{"allow":["GET"]}}],"collection":[{"href":"https:\/\/congolobilelo.com\/IN\/wp-json\/wp\/v2\/posts"}],"about":[{"href":"https:\/\/congolobilelo.com\/IN\/wp-json\/wp\/v2\/types\/post"}],"author":[{"embeddable":true,"href":"https:\/\/congolobilelo.com\/IN\/wp-json\/wp\/v2\/users\/1"}],"replies":[{"embeddable":true,"href":"https:\/\/congolobilelo.com\/IN\/wp-json\/wp\/v2\/comments?post=15333"}],"version-history":[{"count":0,"href":"https:\/\/congolobilelo.com\/IN\/wp-json\/wp\/v2\/posts\/15333\/revisions"}],"wp:featuredmedia":[{"embeddable":true,"href":"https:\/\/congolobilelo.com\/IN\/wp-json\/wp\/v2\/media\/16537"}],"wp:attachment":[{"href":"https:\/\/congolobilelo.com\/IN\/wp-json\/wp\/v2\/media?parent=15333"}],"wp:term":[{"taxonomy":"category","embeddable":true,"href":"https:\/\/congolobilelo.com\/IN\/wp-json\/wp\/v2\/categories?post=15333"},{"taxonomy":"post_tag","embeddable":true,"href":"https:\/\/congolobilelo.com\/IN\/wp-json\/wp\/v2\/tags?post=15333"}],"curies":[{"name":"wp","href":"https:\/\/api.w.org\/{rel}","templated":true}]}}