{"id":15326,"date":"2024-09-27T17:41:02","date_gmt":"2024-09-27T17:41:02","guid":{"rendered":"https:\/\/www.ingeta.com\/?p=15326"},"modified":"2024-09-27T17:41:02","modified_gmt":"2024-09-27T17:41:02","slug":"charles-onana-face-a-un-deuxieme-jury","status":"publish","type":"post","link":"https:\/\/congolobilelo.com\/IN\/charles-onana-face-a-un-deuxieme-jury\/","title":{"rendered":"Charles Onana face \u00e0 un &#8220;deuxi\u00e8me jury&#8221;"},"content":{"rendered":"<p>Par Jean-Pierre Mbelu<\/p>\n<p><strong>Des compatriotes africains des Grands Lacs et Kongolais sont inquiets depuis qu&#8217;ils ont appris que l&#8217;auteur de &#8220;Rwanda, la v\u00e9rit\u00e9 sur l&#8217;op\u00e9ration turquoise. Quand les archives parlent&#8221; (2019) va faire face \u00e0 un proc\u00e8s devant le tribunal correctionnel de Paris les 7, 8, 10 et 11 octobre 2024. Plusieurs sont dispos\u00e9s \u00e0 accompagner ce &#8220;citoyen d&#8217;honneur kongolais&#8221; au tribunal.<\/strong><\/p>\n<p>Ce proc\u00e8s va avoir lieu apr\u00e8s qu&#8217;il ait d\u00e9fendu sa th\u00e8se de doctorat en 2017 \u00e0 l&#8217;Universit\u00e9 Jean-Moulin Lyon 3 sous la direction du Professeur Jean-Paul Joubert. Le livre pr\u00e9cit\u00e9 et pour lequel il est tra\u00een\u00e9 en justice est pratiquement sa th\u00e8se de doctorat. Son proc\u00e8s pourrait \u00eatre, indirectement, celui de l&#8217;Universit\u00e9 qui l&#8217;a proclam\u00e9 docteur en science politique apr\u00e8s la d\u00e9fense de cette th\u00e8se. A ce point nomm\u00e9, un autre probl\u00e8me pourrait se poser. Il serait li\u00e9 aux m\u00e9thodes de recherche enseign\u00e9es \u00e0 l&#8217; \u00e9cole et \u00e0 l&#8217;Universit\u00e9.<\/p>\n<h3>Charles Onana est depuis toujours attach\u00e9 aux sources<\/h3>\n<p>En effet, dans les cours d&#8217;initiation \u00e0 la recherche scientifique \u00e0 l&#8217;Universit\u00e9, le renvoi aux sources documentaires, aux archives, aux \u00e9crits des auteurs ayant insuffisamment (et\/ou pas) abord\u00e9 les hypoth\u00e8ses \u00e0 corroborer est vivement recommand\u00e9. Car, un chercheur se voulant novateur doit pouvoir ajouter un plus aux recherches men\u00e9es dans le domaine qu&#8217;il explore avant lui.<\/p>\n<blockquote><p><span style=\"color: #0080ff;\"><strong>Un chercheur se voulant novateur doit pouvoir ajouter un plus aux recherches men\u00e9es dans le domaine qu&#8217;il explore avant lui. Les lecteurs assidus de Charles Onana savent qu&#8217;il ne d\u00e9roge pas \u00e0 cette r\u00e8gle.<\/strong><\/span><\/p><\/blockquote>\n<p>Les lecteurs assidus de Charles Onana savent qu&#8217;il ne d\u00e9roge pas \u00e0 cette r\u00e8gle. Avant la d\u00e9fense de sa th\u00e8se, il a toujours eu recours aux sources documentaires diverses et diversifi\u00e9es. Il lui est arriv\u00e9 d&#8217;entr\u00e9e en contact avec les t\u00e9moins vivants ayant particip\u00e9, de pr\u00e8s ou de loin aux trag\u00e9dies \u00e9tudi\u00e9es dans ses livres. Lorsqu&#8217;il \u00e9crit, par exemple, <em>&#8220;Ces tueurs tutsi. Au coeur de la trag\u00e9die congolaise&#8221;<\/em> en 2009, ce livre est pr\u00e9fac\u00e9 par l&#8217;envoy\u00e9e sp\u00e9ciale de Bill Clinton dans la r\u00e9gion des Grands Lacs africains en 1997. Il a pris le temps d&#8217;\u00e9changer avec elle et de venir avec elle \u00e0 la pr\u00e9sentation de ce livre \u00e0 Bruxelles en 2010.<\/p>\n<p>Ensuite, en 2012, il publie <em>&#8220;Europe, crimes et censure au Congo&#8221;<\/em>. Le sous-titre du livre, &#8220;Les documents qui accusent&#8221;, exprime l&#8217;attachement de Charles Onana aux documents archiv\u00e9s. Les citations, les onze (11) annexes et les cartes que contiennent son dernier livre intitul\u00e9 <em>&#8220;Holocauste au Congo. L&#8217;Omerta de la communaut\u00e9 internationale. La France complice ?&#8221;<\/em> (2023), attestent qu&#8217;il s&#8217;inscrit dans une orientation scientifique donnant \u00e0 ses \u00e9crits des fondements v\u00e9rifiables. Donc, le livre de 2019 -qui est une reprise de se th\u00e8se de doctorat d\u00e9fendu en 2017- ne d\u00e9roge pas \u00e0 la r\u00e8gle. Son sous-tire, &#8220;Quand les documents accusent&#8221;, est plus qu&#8217;explicite.<\/p>\n<h3>Luc Marchal pr\u00e9face le livre<\/h3>\n<p>Ce livre a eu la chance d&#8217;\u00eatre pr\u00e9fac\u00e9 par un commandant des casques bleus de l&#8217;Op\u00e9ration Turquoise, Luc Marchal. A son avis, il est d&#8217;un apport capital. Pourquoi ? \u00ab<em> En effet<\/em>, \u00e9crit Luc Marchal, <em>le conflit rwandais souffre toujours d&#8217;une lecture r\u00e9ductrice, voire simpliste. D\u00e8s lors, la recherche et l&#8217;int\u00e9r\u00eat scientifique dans ce domaine sont amplement justifi\u00e9s \u00e9tant donn\u00e9 que depuis 1994, on ne peut que constater non seulement une carence de d\u00e9bat de fond sur la probl\u00e9matique faisant l&#8217;objet du pr\u00e9sent ouvrage, mais aussi un ostracisme marqu\u00e9 \u00e0 l&#8217;\u00e9gard de ceux qui ont l&#8217;outrecuidance de contester la doxa officielle des faits. <\/em>[1]\u00bb<\/p>\n<blockquote><p><strong><span style=\"color: #0080ff;\">Apr\u00e8s le jury universitaire qui lui a conf\u00e9r\u00e9 le titre de docteur en science politique, ce deuxi\u00e8me jury judiciaire pourrait constituer pour Charles Onana un s\u00e9rieux d\u00e9fi \u00e0 relever.<\/span><\/strong><\/p><\/blockquote>\n<p>Charles Onana aurait-il eu cette outrecuidance ? Le proc\u00e8s du mois d&#8217;octobre pourrait aider \u00e0 avoir une r\u00e9ponse claire \u00e0 cette question. M\u00eame si, du c\u00f4t\u00e9 du pr\u00e9facier, il y a une certaine appr\u00e9hension lorsque, tout en reconnaissant dans ce livre \u00ab <em>un travail qui m\u00e9rite consid\u00e9ration et qui constitue une r\u00e9elle contribution \u00e0 une connaissance plus correcte des l&#8217;holocauste des Grands Lacs<\/em> [2]\u00bb, il ajoute ce qui suit : \u00ab <em>Finalement, au-del\u00e0 de cet immense travail de recherche effectu\u00e9, saluons la pers\u00e9v\u00e9rance et le courage dont fait preuve Charles Onana depuis de tr\u00e8s nombreuse ann\u00e9es. Le r\u00f4le du lanceur d&#8217;alerte, particuli\u00e8rement dans le domaine qu&#8217;il explore, n&#8217;est pas sans risque. <\/em>[3] \u00bb<\/p>\n<p>Charles Onana pourrait-il \u00e9viter ce risque en se d\u00e9fendant devant un deuxi\u00e8me jury ? Apr\u00e8s le jury universitaire qui lui a conf\u00e9r\u00e9 le titre de docteur en science politique, ce deuxi\u00e8me jury judiciaire pourrait constituer pour Charles Onana un s\u00e9rieux d\u00e9fi \u00e0 relever.<\/p>\n<h3>Petite conclusion : l&#8217;honneur de l&#8217;Universit\u00e9 et un signe pr\u00e9monitoire<\/h3>\n<p>De toutes les fa\u00e7ons, \u00e0 ce proc\u00e8s, l&#8217;honneur et le prestige de l&#8217;Universit\u00e9 Jean-Moulin de Lyon seront mis en jeu. Il en ira de m\u00eame pour les m\u00e9thodes scientifiques dont s&#8217;est servi Charles Onana afin de mener \u00e0 bien sa recherche. Ses sources \u00e9crites et orales vont \u00eatre mises \u00e0 dure \u00e9preuve.<\/p>\n<p>Pour rappel, en 2002, Paul Kagame avait retir\u00e9 une plainte contre le m\u00eame auteur apr\u00e8s la publication de son livre intitul\u00e9 <em>&#8220;Les secrets du g\u00e9nocide rwandais&#8221;<\/em>. C&#8217;est peut-\u00eatre un signe pr\u00e9monitoire pour le proc\u00e8s du mois d&#8217;octobre. Le souhait serait que la v\u00e9rit\u00e9 triomphe.<\/p>\n<p>&nbsp;<\/p>\n<p><em>Babanya Kabudi<br \/>\nG\u00e9n\u00e9ration Lumumba 1961<\/em><\/p>\n<p>&#8212;&#8212;&#8212;&#8212;&#8212;<br \/>\n[1] C. ONANA, <em>Rwanda, la v\u00e9rit\u00e9 sur l&#8217;op\u00e9ration turquoise. Quand les archives parlent<\/em>, Paris, Editions de l&#8217; Artilleur, 2019, P.22-23.<\/p>\n<p>[2] Ibidem, p. 24.<\/p>\n<p>[3] Ibidem, p. 24-25.<\/p>\n","protected":false},"excerpt":{"rendered":"<p>Par Jean-Pierre Mbelu Des compatriotes africains des Grands Lacs et Kongolais sont inquiets depuis qu&#8217;ils ont appris que l&#8217;auteur de &#8220;Rwanda, la v\u00e9rit\u00e9 sur l&#8217;op\u00e9ration turquoise. Quand les archives parlent&#8221; (2019) va faire face \u00e0 un proc\u00e8s devant le tribunal correctionnel de Paris les 7, 8, 10 et 11 octobre 2024. Plusieurs sont dispos\u00e9s \u00e0 [&hellip;]<\/p>\n","protected":false},"author":1,"featured_media":16535,"comment_status":"closed","ping_status":"open","sticky":false,"template":"","format":"standard","meta":{"_acf_changed":false,"content-type":"","footnotes":""},"categories":[107,198,119,197],"tags":[],"class_list":["post-15326","post","type-post","status-publish","format-standard","has-post-thumbnail","hentry","category-analyses-commentaires","category-guerre","category-medias","category-pensee-critique"],"acf":[],"_links":{"self":[{"href":"https:\/\/congolobilelo.com\/IN\/wp-json\/wp\/v2\/posts\/15326","targetHints":{"allow":["GET"]}}],"collection":[{"href":"https:\/\/congolobilelo.com\/IN\/wp-json\/wp\/v2\/posts"}],"about":[{"href":"https:\/\/congolobilelo.com\/IN\/wp-json\/wp\/v2\/types\/post"}],"author":[{"embeddable":true,"href":"https:\/\/congolobilelo.com\/IN\/wp-json\/wp\/v2\/users\/1"}],"replies":[{"embeddable":true,"href":"https:\/\/congolobilelo.com\/IN\/wp-json\/wp\/v2\/comments?post=15326"}],"version-history":[{"count":0,"href":"https:\/\/congolobilelo.com\/IN\/wp-json\/wp\/v2\/posts\/15326\/revisions"}],"wp:featuredmedia":[{"embeddable":true,"href":"https:\/\/congolobilelo.com\/IN\/wp-json\/wp\/v2\/media\/16535"}],"wp:attachment":[{"href":"https:\/\/congolobilelo.com\/IN\/wp-json\/wp\/v2\/media?parent=15326"}],"wp:term":[{"taxonomy":"category","embeddable":true,"href":"https:\/\/congolobilelo.com\/IN\/wp-json\/wp\/v2\/categories?post=15326"},{"taxonomy":"post_tag","embeddable":true,"href":"https:\/\/congolobilelo.com\/IN\/wp-json\/wp\/v2\/tags?post=15326"}],"curies":[{"name":"wp","href":"https:\/\/api.w.org\/{rel}","templated":true}]}}