{"id":15307,"date":"2024-08-23T17:47:41","date_gmt":"2024-08-23T17:47:41","guid":{"rendered":"https:\/\/www.ingeta.com\/?p=15307"},"modified":"2024-08-23T17:47:41","modified_gmt":"2024-08-23T17:47:41","slug":"lhomme-fortifie-de-kigali-la-paresse-intellectuelle-et-les-terres-kongolaises","status":"publish","type":"post","link":"https:\/\/congolobilelo.com\/IN\/lhomme-fortifie-de-kigali-la-paresse-intellectuelle-et-les-terres-kongolaises\/","title":{"rendered":"L&#8217;homme fortifi\u00e9 de Kigali, la paresse intellectuelle et les terres kongolaises"},"content":{"rendered":"<p>Par Jean-Pierre Mbelu<\/p>\n<p><em>\u00ab L&#8217;histoire nous apprend que nous ne savons pas apprendre de l&#8217;histoire. \u00bb<\/em> &#8211; M. JEAN<\/p>\n<h3>Mise en route<\/h3>\n<p>Le Kongo-Kinshasa a ses \u00e9lites intellectuelles. Contrairement \u00e0 l&#8217;image que l&#8217;on voudrait vendre de ce pays, ses dignes filles et fils \u00e9crivent. Ils documentent et se documentent au sujet de la guerre par morceaux impos\u00e9e \u00e0 leur pays. Plusieurs peuvent d\u00e9j\u00e0 l&#8217;avoir oubli\u00e9. Les acteurs principaux de l&#8217;un des premiers documentaires sur cette guerre intitul\u00e9 <a href=\"https:\/\/www.youtube.com\/watch?v=NMtgHzXZnIg\">&#8220;Le conflit au Congo. La v\u00e9rit\u00e9 d\u00e9voil\u00e9e&#8221;<\/a> sont des Kongolais.<\/p>\n<blockquote><p><span style=\"color: #0080ff;\"><strong>Il me semble important de revenir r\u00e9guli\u00e8rement aux \u00e9crits des Kongolais(es) et de leurs ami(e)s sur la guerre par morceaux dont souffre leur pays pour \u00e9chapper \u00e0 l&#8217;amn\u00e9sie, \u00e0 la paresse intellectuelle et aux jeux victimisants des acteurs apparents de la descente de ce pays aux enfers.<\/strong><\/span><\/p><\/blockquote>\n<p>Ces \u00e9lites kongolaises ont appris \u00e0 travailler en \u00e9quipe en vue de magnifier l&#8217;intelligence collective. Qu&#8217;elles ne soient pas toujours lues et connues dans leur pays, cela pourrait \u00eatre un signe : participer de l&#8217;abrutissement des Kongolais(es) en leur r\u00e9p\u00e9tant \u00e0 longueur des journ\u00e9es que le pays n&#8217;a pas d&#8217;\u00e9lites intellectuelles. Dieu, merci. La publication r\u00e9guli\u00e8re des livres et le niveau de certains d\u00e9bats sur les cha\u00eenes de t\u00e9l\u00e9vision kongolaises sont en train de battre en br\u00e8che cette contre-v\u00e9rit\u00e9.<\/p>\n<p>Il me semble important de revenir r\u00e9guli\u00e8rement aux \u00e9crits des Kongolais(es) et de leurs ami(e)s sur la guerre par morceaux dont souffre leur pays pour \u00e9chapper \u00e0 l&#8217;amn\u00e9sie, \u00e0 la paresse intellectuelle et aux jeux victimisants des acteurs apparents de la descente de ce pays aux enfers. Cela peut aussi faciliter plusieurs mises au points.<\/p>\n<h3>A Kisangani, une m\u00e9moire et un livre<\/h3>\n<p>La probl\u00e9matique de la guerre raciste de pr\u00e9dation et de basse intensit\u00e9 impos\u00e9e aux Grands Lacs africains en g\u00e9n\u00e9ral et au Kongo-Kinshasa en particulier ne devrait pas \u00eatre trait\u00e9e uniquement dans un cadre restreint des changements pouvant intervenir \u00e0 la t\u00eate des pays concern\u00e9s. Elle est aussi li\u00e9e \u00e0 la politique d&#8217;\u00e9mancipation des populations souffrant de soumission et du pr\u00e9cariat que leur imposent &#8220;les esclaves africains de salon&#8221;. A un certain moment, la paresse intellectuelle gagne. La m\u00e9moire historique de cette guerre c\u00e8de la place aux r\u00e9cits &#8220;actualis\u00e9s&#8221; de l&#8217;extermination de telle ou telle autre minorit\u00e9 dont certains membres ont particip\u00e9 et participent encore \u00e0 la guerre raciste de pr\u00e9dation et de basse intensit\u00e9 pour la conqu\u00eate des terres kongolaises et l&#8217;extermination des bantu[1].<\/p>\n<blockquote><p><strong><span style=\"color: #0080ff;\">La probl\u00e9matique de la guerre raciste de pr\u00e9dation et de basse intensit\u00e9 impos\u00e9e aux Grands Lacs africains en g\u00e9n\u00e9ral et au Kongo-Kinshasa en particulier ne devrait pas \u00eatre trait\u00e9e uniquement dans un cadre restreint des changements pouvant intervenir \u00e0 la t\u00eate des pays concern\u00e9s. Elle est aussi li\u00e9e \u00e0 la politique d&#8217;\u00e9mancipation des populations souffrant de soumission et du pr\u00e9cariat que leur imposent &#8220;les esclaves africains de salon&#8221;.<\/span><\/strong><\/p><\/blockquote>\n<p>Il me semble important d&#8217;avoir r\u00e9guli\u00e8rement recours aux livres et aux archives lorsqu&#8217;il arrive que la m\u00e9moire historique fasse d\u00e9faut. Il est d\u00e9j\u00e0 magnifique qu&#8217;\u00e0 force de lutter, les jeunes compatriotes ayant initi\u00e9 &#8220;le GENOCOST&#8221; aient r\u00e9ussi \u00e0 obtenir que le 02\/08 soit une date retenue au Kongo-Kinshasa pour la comm\u00e9moration du g\u00e9nocide kongolais. Ceci est une tr\u00e8s grande victoire historique.<\/p>\n<p>Derni\u00e8rement, en comm\u00e9morant ce g\u00e9nocide \u00e0 Kisangani, les gouvernants kongolais ont \u00e9cout\u00e9 des r\u00e9cits d&#8217;une trag\u00e9die unique en son genre. Le Rwanda et l&#8217;Ouganda, deux pays \u00e9trangers, se sont fait la guerre sur le sol kongolais en se disputant ses mati\u00e8res premi\u00e8res et en tuant ses populations innocentes[2]. Ecouter ce r\u00e9cit et croire apr\u00e8s que la guerre men\u00e9e contre le Kongo-Kinshasa l&#8217;est pour prot\u00e9ger &#8220;les minorit\u00e9s&#8221; serait un mensonge \u00e9hont\u00e9.<\/p>\n<p>D&#8217;ailleurs, un groupe de compatriotes vivant \u00e0 Kisangani avait pu initi\u00e9 toute une \u00e9tude sur ce qu&#8217;il avait v\u00e9cu et publi\u00e9 un livre-t\u00e9moin sous la direction de Jean-Pierre Badidike et intitul\u00e9 <em>&#8220;Guerre et droits de l&#8217;homme en R\u00e9publique D\u00e9mocratique du Congo. Regards du Groupe Justice et Lib\u00e9ration&#8221;<\/em> (Paris, L&#8217;Harmattan, 2009). Dans ce livre, plusieurs mouvements proches du Rwanda et de l&#8217;Ouganda ayant particip\u00e9 aux atrocit\u00e9s commises \u00e0 Kisangani et ailleurs sont mentionn\u00e9s. Malins, plusieurs membres de ces mouvements jouent sur l&#8217;amn\u00e9sie et la paresse intellectuelle kongolaises pour se faire une certaine virginit\u00e9 politique et victimiser leurs &#8220;minorit\u00e9s&#8221;.<\/p>\n<p>Ils s&#8217;imaginent que le temps long peut avoir raison de la conscience historique kongolaise. Ils savent, eux, que la pr\u00e9carit\u00e9 que provoque cette guerre perp\u00e9tuelle de pr\u00e9dation peut, \u00e0 un certain moment, provoquer la haine entre les Kongolais et les opposer les uns aux autres. Cela pourrait leur permettre d&#8217;en gagner quelques-uns \u00e0 leur cause ; celle de la victimisation des &#8220;minorit\u00e9s&#8221; et de l&#8217;oubli de l&#8217;histoire des montruosit\u00e9s auxquelles ils ont activement particip\u00e9. Ces mouvements, avouons-le, ont infiltr\u00e9 toutes les institutions et structures du pouvoir kongolais au point de les incapaciter de l&#8217;int\u00e9rieur ; avec la complicit\u00e9 de plusieurs Kongolais(es). Bien s\u00fbr.<\/p>\n<h3>Deux autres livres et une difficult\u00e9 de perception<\/h3>\n<p>Mais cela n&#8217;a pas affaibli la r\u00e9sistance kongolaise et les \u00e9crivains kongolais soucieux de mettre par \u00e9crit les \u00e9tapes douloureuses de l&#8217;histoire de leur pays. La r\u00e9sistance kongolaise a poursuivi sa lutte. Elle a abouti, en 2018, \u00e0 la mise \u00e0 l&#8217;\u00e9cart d&#8217;un &#8220;Cheval de Troie&#8221; du Rwanda et de l&#8217;Ouganda. Au cours de cette lutte, les Kongolais ont publi\u00e9 un livre collectif sous la direction de Fweley Diangitukwa intitul\u00e9 <em>&#8220;Les Congolais rejettent le r\u00e9gime de Kabila&#8221; <\/em>(Vevey, Editions Monde Nouveau, Afrique Nouvelle, 2015).<\/p>\n<blockquote><p><strong><span style=\"color: #0080ff;\">Commenter les faits dits d&#8217;actualit\u00e9 sans un certain recul peut, \u00e0 un certain moment, conduire \u00e0 l&#8217;oubli des faits historiques document\u00e9s. D&#8217;o\u00f9 l&#8217;importance des archives, des livres et vid\u00e9os archiv\u00e9es. L&#8217;amn\u00e9sie est une plaie purulente pour plusieurs compatriotes kongolais.<\/span><\/strong><\/p><\/blockquote>\n<p>En 2013, un groupe de Kongolais s&#8217;\u00e9tait d\u00e9j\u00e0 livr\u00e9 \u00e0 une analyse d\u00e9taill\u00e9e sur les acteurs apparents et les acteurs majeurs de la guerre devant mener \u00e0 l&#8217;implosion et \u00e0 la balkanisation de leur pays. Ils avaient publi\u00e9 un livre sous la direction de Kankuenda Mbaya et Mukoka Nsenda intitul\u00e9 <em>&#8220;La R\u00e9publique D\u00e9mocratique du Congo face au complot de balkanisation et d&#8217;implosion&#8221;<\/em> (Kinshasa, Icredes, 2013).<\/p>\n<p>Les trois livres susmentionn\u00e9s pr\u00e9sentent une sp\u00e9cificit\u00e9. Ils sont le produit d&#8217;un travail collectif des Kongolais. Ils sont le produit d&#8217;une intelligence collective kongolaise. Les lire peut suffire \u00e0 comprendre les jeux et les enjeux de ce qu&#8217;il se passe au coeur de l&#8217;Afrique. Y ajouter les r\u00e9cits entendus depuis deux ans au cours de la c\u00e9l\u00e9bration du g\u00e9nocide kongolais (le 02\/08) aide \u00e0 battre en br\u00e8che les faux discours sur la pers\u00e9cution imaginaire et de la volont\u00e9 d&#8217;extermination des &#8220;minorit\u00e9s&#8221;. Cela d&#8217;autant plus que dans un Kongo ayant plus de 400 ethnies, il n&#8217;y a pas de majorit\u00e9 pers\u00e9cutrice.<\/p>\n<p>Cependant, il y a un probl\u00e8me. Beaucoup de compatriotes distraits ne semble pas percevoir. A force de clamer sur les toits que la guerre contre le Kongo vise ses richesses mini\u00e8res, les enjeux intellectuels ont \u00e9t\u00e9 oubli\u00e9s. Et c&#8217;est tr\u00e8s dommage.<\/p>\n<p>Lorsque l&#8217;homme fortifi\u00e9 de Kigali de passage au B\u00e9nin dit \u00e0 une haute et audible voix qu&#8217;il cherche \u00e0 avoir les terres au Kongo-Kinshasa, il semble \u00eatre convaincu que personne ne l&#8217;entend. Pourquoi ? Parce que l&#8217;un des objectifs de sa participation \u00e0 la guerre de basse intensit\u00e9 dans les Grands Lacs Africains \u00e9tait et est encore d&#8217;entretenir l&#8217;illettrisme, de d\u00e9truire les archives, d&#8217;\u00e9liminer les intellectuels ainsi que tous les hommes et toutes les femmes capables de comprendre les strat\u00e9gies et les tactiques de son FPR\/APR.<\/p>\n<p>Parler actuellement de la pr\u00e9sence des FDLR au Kongo-Kinshasa apr\u00e8s plusieurs passages de ses &#8220;escadrons de la mort&#8221; dans ce pays et de la pr\u00e9sence de ses infiltr\u00e9s dans plusieurs institutions du pays pendant plusieurs ann\u00e9es rel\u00e8verait de la croyance que son objectif a \u00e9t\u00e9 atteint. Et qu&#8217;il n&#8217;y a presque plus personne pouvant comprendre sa th\u00e9orie de recyclage des FDLR et ses anciennes pratiques d&#8217;infiltration des Interahamwe[3].<\/p>\n<p>Malheureusement, des compatriotes devenus fanatiques de ses &#8220;Chevaux de Troie&#8221; lui donnent raison. Ils n&#8217;ont pas pu avoir la capacit\u00e9 de r\u00e9sister, sur le temps long, \u00e0 l&#8217;amn\u00e9sie. En effet, commenter les faits dits d&#8217;actualit\u00e9 sans un certain recul peut, \u00e0 un certain moment, conduire \u00e0 l&#8217;oubli des faits historiques document\u00e9s. D&#8217;o\u00f9 l&#8217;importance des archives, des livres et vid\u00e9os archiv\u00e9es. L&#8217;amn\u00e9sie est une plaie purulente pour plusieurs compatriotes kongolais.<\/p>\n<h3>Un conseil pour conclure<\/h3>\n<p>Un conseil. Lorsque la m\u00e9moire de quelques-uns d&#8217;entre les compatriotes kongolais flanche, aidons-les \u00e0 retrouver les livres, les archives et les vid\u00e9os archiv\u00e9es. Ils pourraient rafra\u00eechir leur m\u00e9moire.<\/p>\n<blockquote><p><span style=\"color: #0080ff;\"><strong>La lutte pour la souverainet\u00e9 du pays n&#8217;est pas un cadeau \u00e0 offrir \u00e0 quelque gouvernant que ce soit. Non. C&#8217;est une lutte pour le refus et le rejet de l&#8217;esclavage e de la soumission. C&#8217;est une lutte pour le rejet de l&#8217;assujettissement. C&#8217;est une lutte pour la souverainet\u00e9 et un maximum de &#8220;bien vivre&#8221; collectif.<\/strong><\/span><\/p><\/blockquote>\n<p>D\u00e8s que la paresse intellectuelle gagne la majorit\u00e9 de Kongolais(es), il pourra devenir difficile de poursuivre la lutte pour la constitution de la masse critique devant renverser les rapports de force entre le Kongo et le Rwanda (menant une guerre par procuration) afin que le pays de Lumumba jouisse de sa paix et de sa souverainet\u00e9. La lutte pour la souverainet\u00e9 du pays n&#8217;est pas un cadeau \u00e0 offrir \u00e0 quelque gouvernant que ce soit. Non. C&#8217;est une lutte pour le refus et le rejet de l&#8217;esclavage e de la soumission. C&#8217;est une lutte pour le rejet de l&#8217;assujettissement. C&#8217;est une lutte pour la souverainet\u00e9 et un maximum de &#8220;bien vivre&#8221; collectif.<\/p>\n<p>Il serait urgent qu&#8217;une biblioth\u00e8que-mus\u00e9e publique sur cette guerre soit cr\u00e9\u00e9e dans la capitale kongolaise et qu&#8217;elle ait ses ramifications dans toutes les provinces. Elle pourrait prot\u00e9ger la m\u00e9moire des millions de morts kongolais et tenir les futures g\u00e9n\u00e9rations kongolaises en alerte. L&#8217;extinction du pays demeure un danger permanent. Les parrains de l&#8217;homme fortifi\u00e9 de Kigali en savent quelque chose.<\/p>\n<p>&nbsp;<\/p>\n<p><em>Babanya Kabudi<\/em><br \/>\n<em>G\u00e9n\u00e9ration Lumumba 1961<\/em><br \/>\n&#8212;&#8212;&#8212;&#8212;&#8212;&#8212;&#8212;-<\/p>\n<p>[1] Lire <a href=\"https:\/\/www.ingeta.com\/lhypothese-de-la-guerre-pour-les-minerais-et-celle-de-la-depopulation-au-coeur-de-lafrique\/\">L\u2019hypoth\u00e8se de la guerre pour les minerais et celle de la d\u00e9population au c\u0153ur de l\u2019Afrique<\/a><\/p>\n<p>[2] Lire <a href=\"https:\/\/www.ingeta.com\/tosalaki-nini-quavons-nous-fait-les-temoignages-de-kisangani\/\">\u00ab Tosalaki nini? \u00bb Qu\u2019avons-nous fait ? Les t\u00e9moignages de Kisangani (2 ao\u00fbt 2024)<\/a><\/p>\n<p>[3] Lire B. LUGAN, <em>Les guerres de l&#8217;Afrique. Des origines \u00e0 nos jours<\/em>, Paris, Editions du Rocher, 2013, p. 334.<\/p>\n","protected":false},"excerpt":{"rendered":"<p>Par Jean-Pierre Mbelu \u00ab L&#8217;histoire nous apprend que nous ne savons pas apprendre de l&#8217;histoire. \u00bb &#8211; M. JEAN Mise en route Le Kongo-Kinshasa a ses \u00e9lites intellectuelles. Contrairement \u00e0 l&#8217;image que l&#8217;on voudrait vendre de ce pays, ses dignes filles et fils \u00e9crivent. Ils documentent et se documentent au sujet de la guerre par [&hellip;]<\/p>\n","protected":false},"author":1,"featured_media":16526,"comment_status":"closed","ping_status":"open","sticky":false,"template":"","format":"standard","meta":{"_acf_changed":false,"content-type":"","footnotes":""},"categories":[107,198,197,200],"tags":[],"class_list":["post-15307","post","type-post","status-publish","format-standard","has-post-thumbnail","hentry","category-analyses-commentaires","category-guerre","category-pensee-critique","category-terre"],"acf":[],"_links":{"self":[{"href":"https:\/\/congolobilelo.com\/IN\/wp-json\/wp\/v2\/posts\/15307","targetHints":{"allow":["GET"]}}],"collection":[{"href":"https:\/\/congolobilelo.com\/IN\/wp-json\/wp\/v2\/posts"}],"about":[{"href":"https:\/\/congolobilelo.com\/IN\/wp-json\/wp\/v2\/types\/post"}],"author":[{"embeddable":true,"href":"https:\/\/congolobilelo.com\/IN\/wp-json\/wp\/v2\/users\/1"}],"replies":[{"embeddable":true,"href":"https:\/\/congolobilelo.com\/IN\/wp-json\/wp\/v2\/comments?post=15307"}],"version-history":[{"count":0,"href":"https:\/\/congolobilelo.com\/IN\/wp-json\/wp\/v2\/posts\/15307\/revisions"}],"wp:featuredmedia":[{"embeddable":true,"href":"https:\/\/congolobilelo.com\/IN\/wp-json\/wp\/v2\/media\/16526"}],"wp:attachment":[{"href":"https:\/\/congolobilelo.com\/IN\/wp-json\/wp\/v2\/media?parent=15307"}],"wp:term":[{"taxonomy":"category","embeddable":true,"href":"https:\/\/congolobilelo.com\/IN\/wp-json\/wp\/v2\/categories?post=15307"},{"taxonomy":"post_tag","embeddable":true,"href":"https:\/\/congolobilelo.com\/IN\/wp-json\/wp\/v2\/tags?post=15307"}],"curies":[{"name":"wp","href":"https:\/\/api.w.org\/{rel}","templated":true}]}}