{"id":15287,"date":"2024-08-07T19:14:57","date_gmt":"2024-08-07T19:14:57","guid":{"rendered":"https:\/\/www.ingeta.com\/?p=15287"},"modified":"2024-08-07T19:14:57","modified_gmt":"2024-08-07T19:14:57","slug":"le-kongo-kinshasa-et-la-place-faite-a-la-pensee-finalement-les-placards-vont-etre-fouines","status":"publish","type":"post","link":"https:\/\/congolobilelo.com\/IN\/le-kongo-kinshasa-et-la-place-faite-a-la-pensee-finalement-les-placards-vont-etre-fouines\/","title":{"rendered":"Le Kongo-Kinshasa et la place faite \u00e0 la pens\u00e9e. Finalement, les placards vont \u00eatre fouin\u00e9s"},"content":{"rendered":"<p>Par Jean-Pierre Mbelu<\/p>\n<p><em><strong>Le fanatisme au Kongo-Kinshasa est un danger mortel. <\/strong><\/em><\/p>\n<p>Il me semble que s&#8217;il n&#8217;est pas combattu pour qu&#8217;un peu plus de place soit faite \u00e0 la pens\u00e9e et au d\u00e9bat contradictoire, le pays aura des difficult\u00e9s s\u00e9rieuses \u00e0 avancer. Il est difficile de construire le pr\u00e9sent et de b\u00e2tir l&#8217;avenir sans la texture prenant dans une m\u00eame trame le passe, le pr\u00e9sent et l&#8217;avenir.<\/p>\n<blockquote><p><span style=\"color: #0080ff;\"><strong>Il est difficile de construire le pr\u00e9sent et de b\u00e2tir l&#8217;avenir sans la texture prenant dans une m\u00eame trame le passe, le pr\u00e9sent et l&#8217;avenir.<\/strong><\/span><\/p><\/blockquote>\n<p>Lorsque Fatshi acc\u00e8de aux affaires, il d\u00e9clare officiellement qu&#8217;il ne va pas fouiner dans le pass\u00e9. Habitu\u00e9 \u00e0 travailler sur la production du pr\u00e9sent, j&#8217;ai \u00e9crit un article afin qu&#8217;il comprenne que cela \u00e9tait une mauvaise option. Aujourd&#8217;hui, je peux en rigoler. Mais au moment o\u00f9 mon article a \u00e9t\u00e9 publi\u00e9, j&#8217;ai eu des attaques inimaginables.<\/p>\n<p>Et voil\u00e0 ! Le temps \u00e9tant un bon alli\u00e9, <a href=\"https:\/\/www.youtube.com\/watch?v=nMmN5hPIM5c\" target=\"_blank\" rel=\"noopener\">Fatshi vient, lui-m\u00eame, de soutenir que les cadavres vont sortir des placards<\/a> afin que les Kongolais(es) sachent comment leur pays a \u00e9t\u00e9 trahi, pill\u00e9 et vol\u00e9. Du coup, la politique est reconnue comme \u00e9tant dynamique. Oh ! Mon Dieu ! Mais nous le disions et l&#8217;avions pr\u00e9vu. Bon sang !<\/p>\n<p>Une le\u00e7on : ouvrons davantage le pays au pluralisme de la pens\u00e9e et au d\u00e9bat contradictoire sans haine. Il y va de son salut. L&#8217;article \u00e9crit il y a quelques ann\u00e9es est l\u00e0 :<a href=\"https:\/\/www.ingeta.com\/ils-ont-dit-quils-ne-vont-pas-fouiner-dans-le-passe\/\" target=\"_blank\" rel=\"noopener\">Ils ont dit qu\u2019ils ne vont pas fouiner dans le pass\u00e9 ! <\/a><\/p>\n<p>Il est plus temps pour que les penseurs kongolais soient r\u00e9ellement int\u00e9gr\u00e9s dans la production de l&#8217;intelligence collective pour un autre Kongo possible.<\/p>\n<p><em><br \/>\nBabanya Kabudi<br \/>\nG\u00e9n\u00e9ration Lumumba 1961<\/em><\/p>\n","protected":false},"excerpt":{"rendered":"<p>Par Jean-Pierre Mbelu Le fanatisme au Kongo-Kinshasa est un danger mortel. Il me semble que s&#8217;il n&#8217;est pas combattu pour qu&#8217;un peu plus de place soit faite \u00e0 la pens\u00e9e et au d\u00e9bat contradictoire, le pays aura des difficult\u00e9s s\u00e9rieuses \u00e0 avancer. Il est difficile de construire le pr\u00e9sent et de b\u00e2tir l&#8217;avenir sans la [&hellip;]<\/p>\n","protected":false},"author":1,"featured_media":15288,"comment_status":"closed","ping_status":"open","sticky":false,"template":"","format":"standard","meta":{"_acf_changed":false,"content-type":"","footnotes":""},"categories":[123,197,124],"tags":[],"class_list":["post-15287","post","type-post","status-publish","format-standard","has-post-thumbnail","hentry","category-paroles-dingeta","category-pensee-critique","category-politique-societe"],"acf":[],"_links":{"self":[{"href":"https:\/\/congolobilelo.com\/IN\/wp-json\/wp\/v2\/posts\/15287","targetHints":{"allow":["GET"]}}],"collection":[{"href":"https:\/\/congolobilelo.com\/IN\/wp-json\/wp\/v2\/posts"}],"about":[{"href":"https:\/\/congolobilelo.com\/IN\/wp-json\/wp\/v2\/types\/post"}],"author":[{"embeddable":true,"href":"https:\/\/congolobilelo.com\/IN\/wp-json\/wp\/v2\/users\/1"}],"replies":[{"embeddable":true,"href":"https:\/\/congolobilelo.com\/IN\/wp-json\/wp\/v2\/comments?post=15287"}],"version-history":[{"count":0,"href":"https:\/\/congolobilelo.com\/IN\/wp-json\/wp\/v2\/posts\/15287\/revisions"}],"wp:featuredmedia":[{"embeddable":true,"href":"https:\/\/congolobilelo.com\/IN\/wp-json\/wp\/v2\/media\/15288"}],"wp:attachment":[{"href":"https:\/\/congolobilelo.com\/IN\/wp-json\/wp\/v2\/media?parent=15287"}],"wp:term":[{"taxonomy":"category","embeddable":true,"href":"https:\/\/congolobilelo.com\/IN\/wp-json\/wp\/v2\/categories?post=15287"},{"taxonomy":"post_tag","embeddable":true,"href":"https:\/\/congolobilelo.com\/IN\/wp-json\/wp\/v2\/tags?post=15287"}],"curies":[{"name":"wp","href":"https:\/\/api.w.org\/{rel}","templated":true}]}}