{"id":1526,"date":"2012-01-23T05:20:53","date_gmt":"2012-01-23T05:20:53","guid":{"rendered":"http:\/\/www.ingeta.com\/?p=1526"},"modified":"2012-01-23T05:20:53","modified_gmt":"2012-01-23T05:20:53","slug":"elections-en-europe-les-electeurs-ingeta-a-prendre-au-serieux","status":"publish","type":"post","link":"https:\/\/congolobilelo.com\/IN\/elections-en-europe-les-electeurs-ingeta-a-prendre-au-serieux\/","title":{"rendered":"Europe : Les \u00e9lecteurs INGETA, nouvelle donne \u00e9lectorale"},"content":{"rendered":"<p>\t\t\t\t<strong>Les congolais de l\u2019ext\u00e9rieur surprennent, \u00e9tonnent et d\u00e9rangent.<\/strong><\/p>\n<p>Ils surprennent par la mobilisation dont ils font preuve, ils \u00e9tonnent par la constance, l&#8217;ampleur\u00a0 et la diversit\u00e9 de leurs actions. Des enfants\u00a0 marchant dans les rues de <em><strong>Paris<\/strong><\/em>; des mamans sur les plaines du parlement \u00e0 <em><strong>Ottawa<\/strong><\/em>; des militants devant l&#8217;ambassade des Etats-Unis \u00e0 <em><strong>Tokyo<\/strong><\/em>; des activistes \u00e0 <strong><em>Londres<\/em><\/strong> devant des si\u00e8ges sociaux d&#8217;entreprises complices\u00a0 ou devant le Apple store de la rue Sainte Catherine de <em><strong>Montr\u00e9al<\/strong><\/em>, les congolais de l\u2019ext\u00e9rieur montrent un nouveau visage, un visage qui d\u00e9range. Non pas en termes de nuisance de la tranquillit\u00e9 publique , mais du fait que leur message, bien que lanc\u00e9 dans la cacophonie, vient bousculer la qui\u00e9tude des fossoyeurs de l&#8217;Afrique qui jusque l\u00e0 pouvaient &#8220;faire leurs affaires&#8221;\u00a0 en se cachant derri\u00e8re le mur de distraction qui, il y a encore quelque mois, emp\u00eachait les congolais d&#8217;ouvrir les yeux sur leurs propre r\u00e9alit\u00e9.<\/p>\n<p>&nbsp;<\/p>\n<p><a href=\"http:\/\/www.youtube.com\/watch?v=aud9fDnazn0\">http:\/\/www.youtube.com\/watch?v=aud9fDnazn0<\/a><br \/>\nLe r\u00e9veil des congolais d\u00e9range car, malgr\u00e9 les tentatives de d\u00e9cr\u00e9dibilisation (violence, immaturit\u00e9 \u00e9lectorale) ou une indiff\u00e9rence honteuse (silence sur le martyr du Congo, le jeune C\u00e9drick Nianza), les revendications du peuple congolais ne souffrent d&#8217;aucune ill\u00e9gitimit\u00e9, tant du point de vue humanitaire, politique ou social et r\u00e9v\u00e8lent des responsabilit\u00e9s multiples de la part des \u00ab\u00a0grandes puissances \u00bb mondiales (sans oublier ses voisins cupides et tra\u00eetres de l\u2019int\u00e9rieur).<\/p>\n<p>&nbsp;<\/p>\n<p><iframe loading=\"lazy\" title=\"Le Conflit au Congo: La V\u00e9rit\u00e9 D\u00e9voil\u00e9e - Crisis In The Congo: Uncovering The Truth\" width=\"1080\" height=\"608\" src=\"https:\/\/www.youtube.com\/embed\/NMtgHzXZnIg?feature=oembed\" frameborder=\"0\" allow=\"accelerometer; autoplay; clipboard-write; encrypted-media; gyroscope; picture-in-picture; web-share\" referrerpolicy=\"strict-origin-when-cross-origin\" allowfullscreen><\/iframe><\/p>\n<p>&nbsp;<\/p>\n<p>Le mouvement INGETA, semble se propager au-del\u00e0 des diff\u00e9rentes communaut\u00e9s congolaises diss\u00e9min\u00e9es \u00e0 travers le monde. Cela se manifeste par le soutien des activistes indign\u00e9s du mouvement &#8220;Occupy&#8221; \u00e0 travers le monde ou dans des contextes totalement inattendus. C&#8217;est ainsi que quelque jours apr\u00e8s l&#8217;anniversaire de son assassinat, les mots prononc\u00e9s en 1960 par Patrice Emery Lumumba vont prendre \u00e9cho au sein m\u00eame de l&#8217;assembl\u00e9e nationale Belge.<\/p>\n<p>&nbsp;<\/p>\n<p><a href=\"http:\/\/www.youtube.com\/watch?v=4Lg0bXr-VfQ\">http:\/\/www.youtube.com\/watch?v=4Lg0bXr-VfQ<\/a><\/p>\n<p>&nbsp;<\/p>\n<p><strong>Une nouvelle force de pression.<\/strong> Depuis quelque temps, on constate donc un profond changement dans l&#8217;attitude collective des congolais de l\u2019ext\u00e9rieur. R\u00e9veil, prise de conscience ou maturit\u00e9 civique, les congolais de l\u2019ext\u00e9rieur laissent appara\u00eetre\u00a0 une facette jusque l\u00e0 inconnue : La force de pression!<br \/>\n<em>Pression financi\u00e8re<\/em>, illustr\u00e9 par le mouvement de boycott de certains produits et services en Occident, ayant un lien avec la situation en RDC. <em>Pression sociale<\/em>, comme lorsque les congolais de Montr\u00e9al ont fortement perturb\u00e9 la circulation en bloquant le pont Jacques Cartier. <em>Pression m\u00e9diatique<\/em>, qui aboutit \u00e0 des r\u00e9sultats in\u00e9dits pour la communaut\u00e9 congolaise comme les excuses t\u00e9l\u00e9vis\u00e9es de la part\u00a0 des journalistes de<em> TV5 et France 24<\/em> durant la p\u00e9riode \u00e9lectorale, \u00e0 la suite de l\u2019indignation collective des congolais qui ont inond\u00e9s les standards, boites mail et pages <em>FaceBook<\/em> de ces m\u00e9dias.<\/p>\n<p>&nbsp;<\/p>\n<p><iframe loading=\"lazy\" title=\"Sylvain Attal demande pardon a Etienne Tshisekedi et aux peuples Congolais\" width=\"1080\" height=\"608\" src=\"https:\/\/www.youtube.com\/embed\/WIE6iJxb860?feature=oembed\" frameborder=\"0\" allow=\"accelerometer; autoplay; clipboard-write; encrypted-media; gyroscope; picture-in-picture; web-share\" referrerpolicy=\"strict-origin-when-cross-origin\" allowfullscreen><\/iframe><\/p>\n<p>&nbsp;<\/p>\n<p>Pour finir, la <strong>pression \u00e9lectorale<\/strong>, ce qui est certainement l\u2019aspect le plus inattendu de la part de la diaspora congolaise.<br \/>\n<strong>De quoi s&#8217;agit-il?<\/strong>\u00a0 Le g\u00e9n\u00e9ral De Gaulle disait \u00ab\u00a0<em>Les \u00e9tats n&#8217;ont pas d&#8217;amis, ils n&#8217;ont que des int\u00e9r\u00eats<\/em>\u00a0\u00bb, et bien les \u00e9lecteurs INGETA ont d\u00e9cid\u00e9 de ne plus \u00eatre spectateurs et d&#8217;entrer dans le jeu en d\u00e9fendant leurs int\u00e9r\u00eats face \u00e0 ceux de leurs oppresseurs. Ainsi, de la m\u00eame mani\u00e8re que les gouvernements occidentaux participent de la d\u00e9stabilisation du\u00a0 Congo,\u00a0 une frange grandissante des congolais de l\u2019ext\u00e9rieur se pr\u00e9pare \u00e0 adresser une r\u00e9ponse forte en d\u00e9stabilisant \u00e0 leur tour l&#8217;\u00e9quilibre politique dans leurs pays de r\u00e9sidence. L&#8217;objectif \u00e9tant de sanctionner dans les urnes, les gouvernements complices du malheur des congolais, favorisant des candidats inattendus, voir m\u00eame extr\u00eames.<\/p>\n<p><strong>Comment cela se manifeste?<\/strong> Et bien par exemple en Belgique, chose incroyable il y a encore 2 mois, un mouvement grandissant de\u00a0 belges d&#8217;origine congolaise (donc francophone) se prononce en faveur des \u00ab\u00a0flamands\u00a0\u00bb. C&#8217;est ainsi que l&#8217;on retrouve des drapeaux flamands dans les marches et que s\u2019\u00e9l\u00e8vent des voix pour favoriser une vote pro-flamand lors des prochaines \u00e9ch\u00e9ances \u00e9lectorales.<\/p>\n<p><a href=\"http:\/\/www.ingeta.com\/wp-content\/uploads\/2012\/01\/drapeau-flammand1.jpg\"><img loading=\"lazy\" decoding=\"async\" class=\"aligncenter  wp-image-1530\" title=\"drapeau flammand\" src=\"http:\/\/www.ingeta.com\/wp-content\/uploads\/2012\/01\/drapeau-flammand1.jpg\" alt=\"\" width=\"397\" height=\"249\" \/><\/a><\/p>\n<p>&nbsp;<\/p>\n<p>En France c&#8217;est le choix d&#8217;un vote \u00ab\u00a0<strong><em>Ni \u00e0 gauche, Ni \u00e0 Droite<\/em><\/strong>\u00a0\u00bb qui se profile au seins des fran\u00e7ais d&#8217;origine congolaise.<br \/>\nCette prise de position, que certainement aucun sp\u00e9cialiste n&#8217;aurait pu pr\u00e9voir, offre des sc\u00e9narios inattendus comme un \u00e9ventuel soutien \u00e0 la candidate du Front National.<\/p>\n<p>&nbsp;<\/p>\n<p><a href=\"http:\/\/www.youtube.com\/watch?v=KUBB-yNcX5A%20\">http:\/\/www.youtube.com\/watch?v=KUBB-yNcX5A <\/a><\/p>\n<p><strong><a href=\"http:\/\/youtu.be\/lPcx4tAfeiY\">http:\/\/youtu.be\/lPcx4tAfeiY<\/a><\/strong><\/p>\n<p>&nbsp;<\/p>\n<p><strong>Coup pour coup !<\/strong> Au vu de la situation qu&#8217;il vit, il est \u00e9vident que le peuple congolais ne doit pas attendre de permission pour s&#8217;indigner et encore moins s\u2019excuser de vouloir r\u00e9agir face \u00e0 son calvaire qui dure d\u00e9j\u00e0 depuis tant d&#8217;ann\u00e9es, voire de si\u00e8cles. L&#8217;influence de la soi-disant communaut\u00e9 internationale sur la situation dramatique v\u00e9cue en RDC, est parfaitement connue et comprise par les congolais de l\u2019ext\u00e9rieur. En France ou aux \u00c9tats-Unis, le soutien officiel accord\u00e9 \u00e0\u00a0 Paul Kagam\u00e9 (pr\u00e9sident rwandais)\u00a0 malgr\u00e9 son implication dans le g\u00e9nocide du peuple congolais (cf. <a href=\"http:\/\/www.ingeta.com\/rapport-mapping-des-nation-unis-sur-la-rdc\/\">Rapport Mapping des Nations-Unies<\/a>) en est un exemple. La validation du processus \u00e9lectoral par les hautes instances belges, malgr\u00e9 les fraudes\u00a0 flagrantes, en est un autre.<\/p>\n<p>&nbsp;<\/p>\n<p><iframe loading=\"lazy\" title=\"RD Congo -  Les ennemis de l&#039;ext\u00e9rieur\" width=\"1080\" height=\"608\" src=\"https:\/\/www.youtube.com\/embed\/6vMB0gq9mQE?feature=oembed\" frameborder=\"0\" allow=\"accelerometer; autoplay; clipboard-write; encrypted-media; gyroscope; picture-in-picture; web-share\" referrerpolicy=\"strict-origin-when-cross-origin\" allowfullscreen><\/iframe><br \/>\n<strong><\/strong><\/p>\n<p><strong>Est-ce que cela peut fonctionner?<\/strong> Nous ne connaissons le nombre exact de belges ou de fran\u00e7ais (d&#8217;anglais, de suisses ou d&#8217;Allemands) d&#8217;origine congolaise, mais leur pr\u00e9sence historique dans ces pays (plus de 3 g\u00e9n\u00e9rations) permet d&#8217;envisager que le nombre d&#8217;\u00e9lecteurs INGETA soit \u00ab\u00a0consid\u00e9rable\u00a0\u00bb. En outre, les \u00e9lecteurs INGETA, risquent d&#8217;emmener dans leur sillage d&#8217;autres europ\u00e9ens d&#8217;origines africaines, victimes de r\u00e9alit\u00e9s similaires dans leu pays d&#8217;origine.<\/p>\n<p><strong>Est-ce une bonne d\u00e9marche ?<\/strong> Seule l&#8217;histoire nous le dira. Certes, tout ceci peut sembler socialement\u00a0 suicidaire pour ces europ\u00e9ens d\u2019origine congolaise, mais de toute \u00e9vidence la donne a chang\u00e9, un cap a \u00e9t\u00e9 franchi. Les ann\u00e9es de souffrances sociales, les mort et les viols massifs, le vol en public des \u00e9lections et le martyr de la jeunesse congolaise\u00a0 placent les \u00e9lecteurs INGETA dans une posture dont l&#8217;enjeu d\u00e9passe un hypoth\u00e9tique confort personnel en occident.<\/p>\n<p>Pour finir, sachons que l&#8217;image enfantine du congolais \u00ab\u00a0danseur et sapeur\u00a0\u00bb s\u2019estompe \u00e0 grande vitesse pour laisser place au congolais nouveau, au congolais INGETA. C&#8217;est de toute \u00e9vidence, une donn\u00e9e strat\u00e9gique qu&#8217;aucun parti politique n&#8217;avait pr\u00e9vu. Fort d&#8217;une d\u00e9termination de martyr, les \u00e9lecteurs INGETA deviennent des acteurs sociaux, politiques et \u00e9conomiques qu&#8217;il va d\u00e9sormais falloir prendre en consid\u00e9ration et au s\u00e9rieux.<br \/>\n<em>Mb\u00e9pongo &#8220;D\u00e9dy&#8221; Bilamba<\/em><br \/>\nIngeta !\t\t<\/p>\n","protected":false},"excerpt":{"rendered":"<p>Les congolais de l\u2019ext\u00e9rieur surprennent, \u00e9tonnent et d\u00e9rangent. Ils surprennent par la mobilisation dont ils font preuve, ils \u00e9tonnent par la constance, l&#8217;ampleur\u00a0 et la diversit\u00e9 de leurs actions. Des enfants\u00a0 marchant dans les rues de Paris; des mamans sur les plaines du parlement \u00e0 Ottawa; des militants devant l&#8217;ambassade des Etats-Unis \u00e0 Tokyo; des [&hellip;]<\/p>\n","protected":false},"author":1,"featured_media":1531,"comment_status":"open","ping_status":"open","sticky":false,"template":"","format":"standard","meta":{"_acf_changed":false,"content-type":"","footnotes":""},"categories":[107,167,156,122],"tags":[],"class_list":["post-1526","post","type-post","status-publish","format-standard","has-post-thumbnail","hentry","category-analyses-commentaires","category-belgique","category-france","category-news-alertes"],"acf":[],"_links":{"self":[{"href":"https:\/\/congolobilelo.com\/IN\/wp-json\/wp\/v2\/posts\/1526","targetHints":{"allow":["GET"]}}],"collection":[{"href":"https:\/\/congolobilelo.com\/IN\/wp-json\/wp\/v2\/posts"}],"about":[{"href":"https:\/\/congolobilelo.com\/IN\/wp-json\/wp\/v2\/types\/post"}],"author":[{"embeddable":true,"href":"https:\/\/congolobilelo.com\/IN\/wp-json\/wp\/v2\/users\/1"}],"replies":[{"embeddable":true,"href":"https:\/\/congolobilelo.com\/IN\/wp-json\/wp\/v2\/comments?post=1526"}],"version-history":[{"count":0,"href":"https:\/\/congolobilelo.com\/IN\/wp-json\/wp\/v2\/posts\/1526\/revisions"}],"wp:featuredmedia":[{"embeddable":true,"href":"https:\/\/congolobilelo.com\/IN\/wp-json\/"}],"wp:attachment":[{"href":"https:\/\/congolobilelo.com\/IN\/wp-json\/wp\/v2\/media?parent=1526"}],"wp:term":[{"taxonomy":"category","embeddable":true,"href":"https:\/\/congolobilelo.com\/IN\/wp-json\/wp\/v2\/categories?post=1526"},{"taxonomy":"post_tag","embeddable":true,"href":"https:\/\/congolobilelo.com\/IN\/wp-json\/wp\/v2\/tags?post=1526"}],"curies":[{"name":"wp","href":"https:\/\/api.w.org\/{rel}","templated":true}]}}