{"id":1495,"date":"2012-01-22T14:50:11","date_gmt":"2012-01-22T14:50:11","guid":{"rendered":"http:\/\/www.ingeta.com\/?p=1495"},"modified":"2012-01-22T14:50:11","modified_gmt":"2012-01-22T14:50:11","slug":"21-janvier-2012-les-manifestations-congolaises-en-videos","status":"publish","type":"post","link":"https:\/\/congolobilelo.com\/IN\/21-janvier-2012-les-manifestations-congolaises-en-videos\/","title":{"rendered":"21 janvier 2012 : Les manifestations congolaises en vid\u00e9os"},"content":{"rendered":"<p>\t\t\t\t<img loading=\"lazy\" decoding=\"async\" class=\"alignnone size-full wp-image-1505\" title=\"21janvier2012-Paris2\" src=\"http:\/\/www.ingeta.com\/wp-content\/uploads\/2012\/01\/21janvier2012-Paris.jpg\" alt=\"\" width=\"500\" height=\"375\" \/><br \/>\nLe 21 janvier 2012 \u00e0 Paris, pr\u00e8s de 2000 congolais ont particip\u00e9 \u00e0 la marche &#8220;Les premiers pas de nos enfants pour le Congo&#8221;. Des mega marches et rassemblements ont \u00e9galement eu lieu, hier, \u00e0 Londres, Washington, Rome et Bologne, notamment. retour sur images sur ce weekend militant.<\/p>\n<p><strong>Paris, France :<\/strong><br \/>\n<iframe loading=\"lazy\" src=\"http:\/\/www.youtube.com\/embed\/nmdpeJqkRSQ\" frameborder=\"0\" width=\"480\" height=\"360\"><\/iframe><\/p>\n<p><iframe loading=\"lazy\" src=\"http:\/\/www.youtube.com\/embed\/N67f-DLfryQ\" frameborder=\"0\" width=\"480\" height=\"360\"><\/iframe><\/p>\n<p><iframe loading=\"lazy\" src=\"http:\/\/www.youtube.com\/embed\/OwUA_1h5AOQ\" frameborder=\"0\" width=\"480\" height=\"360\"><\/iframe><\/p>\n<p><strong>Bologne, Italie:<\/strong><br \/>\n<iframe loading=\"lazy\" src=\"http:\/\/www.youtube.com\/embed\/sjVVgVYdlsM\" frameborder=\"0\" width=\"480\" height=\"360\"><\/iframe><\/p>\n<p><strong>Washington, USA:<\/strong><br \/>\n<iframe loading=\"lazy\" src=\"http:\/\/www.youtube.com\/embed\/r_VncdXpU7U\" frameborder=\"0\" width=\"480\" height=\"360\"><\/iframe><\/p>\n<p><iframe loading=\"lazy\" src=\"http:\/\/www.youtube.com\/embed\/J-5FU_PWf20\" frameborder=\"0\" width=\"480\" height=\"360\"><\/iframe>\t\t<\/p>\n","protected":false},"excerpt":{"rendered":"<p>Le 21 janvier 2012 \u00e0 Paris, pr\u00e8s de 2000 congolais ont particip\u00e9 \u00e0 la marche &#8220;Les premiers pas de nos enfants pour le Congo&#8221;. Des mega marches et rassemblements ont \u00e9galement eu lieu, hier, \u00e0 Londres, Washington, Rome et Bologne, notamment. retour sur images sur ce weekend militant. Paris, France : Bologne, Italie: Washington, USA:<\/p>\n","protected":false},"author":1,"featured_media":1500,"comment_status":"open","ping_status":"open","sticky":false,"template":"","format":"standard","meta":{"_acf_changed":false,"content-type":"","footnotes":""},"categories":[138,155,116,122,124],"tags":[],"class_list":["post-1495","post","type-post","status-publish","format-standard","has-post-thumbnail","hentry","category-ameriques","category-europe","category-manifs","category-news-alertes","category-politique-societe"],"acf":[],"_links":{"self":[{"href":"https:\/\/congolobilelo.com\/IN\/wp-json\/wp\/v2\/posts\/1495","targetHints":{"allow":["GET"]}}],"collection":[{"href":"https:\/\/congolobilelo.com\/IN\/wp-json\/wp\/v2\/posts"}],"about":[{"href":"https:\/\/congolobilelo.com\/IN\/wp-json\/wp\/v2\/types\/post"}],"author":[{"embeddable":true,"href":"https:\/\/congolobilelo.com\/IN\/wp-json\/wp\/v2\/users\/1"}],"replies":[{"embeddable":true,"href":"https:\/\/congolobilelo.com\/IN\/wp-json\/wp\/v2\/comments?post=1495"}],"version-history":[{"count":0,"href":"https:\/\/congolobilelo.com\/IN\/wp-json\/wp\/v2\/posts\/1495\/revisions"}],"wp:featuredmedia":[{"embeddable":true,"href":"https:\/\/congolobilelo.com\/IN\/wp-json\/"}],"wp:attachment":[{"href":"https:\/\/congolobilelo.com\/IN\/wp-json\/wp\/v2\/media?parent=1495"}],"wp:term":[{"taxonomy":"category","embeddable":true,"href":"https:\/\/congolobilelo.com\/IN\/wp-json\/wp\/v2\/categories?post=1495"},{"taxonomy":"post_tag","embeddable":true,"href":"https:\/\/congolobilelo.com\/IN\/wp-json\/wp\/v2\/tags?post=1495"}],"curies":[{"name":"wp","href":"https:\/\/api.w.org\/{rel}","templated":true}]}}