{"id":1492,"date":"2012-01-22T08:00:29","date_gmt":"2012-01-22T08:00:29","guid":{"rendered":"http:\/\/www.ingeta.com\/?p=1492"},"modified":"2012-01-22T08:00:29","modified_gmt":"2012-01-22T08:00:29","slug":"cour-supreme-de-justice-joseph-kabila-repute-demissionnaire","status":"publish","type":"post","link":"https:\/\/congolobilelo.com\/IN\/cour-supreme-de-justice-joseph-kabila-repute-demissionnaire\/","title":{"rendered":"Cour supr\u00eame de Justice : \u00abJoseph Kabila\u00bb r\u00e9put\u00e9 d\u00e9missionnaire !"},"content":{"rendered":"<p>\t\t\t\t<strong><em>Source: <a href=\"http:\/\/congoindependant.com\/article.php?articleid=7071\">Congoindependant.com<\/a>. Par Baudouin Amba Wetshi.<\/em><\/strong><\/p>\n<p><a href=\"http:\/\/www.ingeta.com\/wp-content\/uploads\/2012\/01\/Cours-supreme1.jpg\"><img loading=\"lazy\" decoding=\"async\" class=\"alignleft  wp-image-1493\" title=\"Cours supreme\" src=\"http:\/\/www.ingeta.com\/wp-content\/uploads\/2012\/01\/Cours-supreme1.jpg\" alt=\"\" width=\"316\" height=\"206\" \/><\/a>Selon une source judiciaire \u00e0 Kinshasa, les hauts magistrats de la Cour supr\u00eame de justice seraient en \u00e9moi. En cause, trente jours apr\u00e8s avoir pr\u00eat\u00e9 serment \u00e0 l\u2019issue de sa \u00abr\u00e9\u00e9lection\u00bb controvers\u00e9e, \u00abJoseph Kabila\u00bb n\u2019a toujours pas d\u00e9pos\u00e9 la d\u00e9claration \u00e9crite de son patrimoine.<\/p>\n<p>Oubli ou d\u00e9dain \u00e0 l\u2019\u00e9gard d\u2019une Constitution que l\u2019homme a vid\u00e9 de toute sa substance? Les &#8220;hommes de la loi&#8221; redoutent que l\u2019opposition se saisissent de la question. En tous cas, <strong>l\u2019article 99 de la Constitution<\/strong> promulgu\u00e9e en f\u00e9vrier 2006 consid\u00e8re comme \u00abd\u00e9missionnaire\u00bb l\u2019auteur d\u2019un tel manquement.<\/p>\n<p>Le 16 d\u00e9cembre dernier, un jour avant la date pr\u00e9vue par le calendrier \u00e9lectoral, la Cour supr\u00eame de justice proclamait la \u00abvictoire\u00bb du pr\u00e9sident sortant \u00abJoseph Kabila\u00bb face \u00e0 Etienne Tshisekedi wa Mulumba. Le mardi 20 d\u00e9cembre, &#8220;Kabila&#8221; est \u00abinvesti\u00bb \u00e0 l\u2019issue d\u2019une c\u00e9r\u00e9monie de prestation de serment.<\/p>\n<p>\u00abD\u00e8s le lendemain de cette c\u00e9r\u00e9monie, Joseph Kabila disposait d\u2019un d\u00e9lai de 30 jours pour transmettre sa d\u00e9claration de patrimoine \u00e0 la Cour supr\u00eame de justice\u00bb, dit une source jointe au t\u00e9l\u00e9phone, samedi 21 janvier, \u00e0 Kinshasa. <strong>L\u2019article 195 du code de proc\u00e9dure civile<\/strong> pr\u00e9cise que lorsqu\u2019un d\u00e9lai s\u2019exprime en jour, il s\u2019agit de \u00abjours calendrier\u00bb. C\u2019est \u00e0 dire, samedi, dimanche et jours f\u00e9ri\u00e9s compris. \u00abDepuis vendredi 20 janvier, Joseph Kabila est hors d\u00e9lai\u00bb, soutient notre interlocutrice.<\/p>\n<p>Le premier alin\u00e9a de l\u2019article 99 de la Constitution congolaise est sans \u00e9quivoque : \u00abAvant leur entr\u00e9e en fonction et \u00e0 l\u2019expiration de celle-ci, le pr\u00e9sident de la R\u00e9publique et les membres du gouvernement sont tenus de d\u00e9poser, devant la Cour constitutionnelle, la d\u00e9claration \u00e9crite de leur patrimoine familial, \u00e9num\u00e9rant leurs biens meubles, y compris actions, parts sociales, obligations, autres valeurs, comptes en banque, leurs biens immeubles, y compris terrains non b\u00e2tis, for\u00eats, plantations et terres agricoles, mines et tous autres immeubles, avec indication des titres pertinents.\u00bb \u00abFaute de cette d\u00e9claration, end\u00e9ans les trente jours, \u00e9nonce le quatri\u00e8me alin\u00e9a, la personne concern\u00e9e est r\u00e9put\u00e9e d\u00e9missionnaire.\u00bb Question : Pourquoi \u00abJoseph Kabila\u00bb tarde-t-il \u00e0 accomplir cette exigence constitutionnelle? Oubli ou d\u00e9monstration du m\u00e9pris que l\u2019homme t\u00e9moigne \u00e0 l\u2019\u00e9gard d\u2019une Constitution dont il n\u2019a pas peu contribu\u00e9 \u00e0 transformer en une coquille vide? Autre question : Et si ce manquement \u00e9tait motiv\u00e9 par l\u2019embarras de d\u00e9clarer l\u2019immense fortune accumul\u00e9e par l\u2019int\u00e9ress\u00e9 et sa famille biologique au bout d\u2019une d\u00e9cennie pass\u00e9e \u00e0 la t\u00eate de l\u2019Etat?<\/p>\n<p><strong>Une coquille vide<\/strong><\/p>\n<p>Six ann\u00e9es apr\u00e8s la promulgation de la Constitution en vigueur au Congo d\u00e9mocratique, les r\u00e9dacteurs de cette Loi fondamentale ne pourraient plus <a href=\"http:\/\/www.ingeta.com\/wp-content\/uploads\/2012\/01\/Kabila-lyer.jpg\"><img loading=\"lazy\" decoding=\"async\" class=\"alignright  wp-image-1494\" title=\"Kabila lyer\" src=\"http:\/\/www.ingeta.com\/wp-content\/uploads\/2012\/01\/Kabila-lyer.jpg\" alt=\"\" width=\"303\" height=\"214\" \/><\/a>reconna\u00eetre leur \u00abenfant\u00bb. Toutes les \u00abpr\u00e9occupations\u00bb ayant balis\u00e9 leur d\u00e9marche ont \u00e9t\u00e9 remises en question par un \u00abJoseph Kabila\u00bb aveugl\u00e9 par l\u2019exercice d\u2019un pouvoir sans r\u00e9el contradicteur. Un pouvoir solitaire. C\u2019est connu, le pouvoir rend fou. Le pouvoir absolu, lui, rend absolument fou. Instaurer un Etat de droit, contrer toute tentative de d\u00e9rive dictatoriale, ind\u00e9pendance du pouvoir judiciaire et pluralisme politique. Que sont devenus tous ces principes qui avaient guid\u00e9 les l\u00e9gislateurs? Les faits parlent d\u2019eux-m\u00eames : le Pouvoir judiciaire n\u2019est plus ind\u00e9pendant que de nom. Les magistrats assis et debout sont nomm\u00e9s, r\u00e9voqu\u00e9s ou mis \u00e0 la retraite par le pr\u00e9sident de la R\u00e9publique \u00e0 l\u2019insu du Conseil sup\u00e9rieur de la magistrature. Les institutions d\u2019appui \u00e0 la d\u00e9mocratie que sont la Ceni (Commission \u00e9lectorale nationale ind\u00e9pendante) et le CSAC (Conseil sup\u00e9rieur de l\u2019audiovisuel et de la Communication) se sont mu\u00e9es en &#8220;menaces&#8221; pour la d\u00e9mocratie. Le CSAC se comporte en une sorte de \u00abCommission sp\u00e9ciale\u00bb dans le plus pur style stalien pour &#8220;punir&#8221; les m\u00e9dias dont la ligne \u00e9ditoriale n\u2019est pas \u00abpolitiquement correcte\u00bb au regard de l\u2019orthodoxie d\u2019Etat. Et ce, en lieu et place de prot\u00e9ger la libert\u00e9 de l\u2019information, de la critique et du commentaire.<\/p>\n<p>Selon une source bien inform\u00e9e dans la capitale congolaise, \u00abJoseph Kabila\u00bb serait \u00abembarrass\u00e9\u00bb \u00e0 l\u2019id\u00e9e d\u2019\u00e9num\u00e9rer tous les biens meubles et immeubles acquis &#8220;ind\u00fbment&#8221; par lui et sa fratrie en l\u2019espace de six ans. On rappelle qu\u2019\u00e0 l\u2019issue de son investiture le 6 d\u00e9cembre 2006, \u00abJoseph\u00bb avait communiqu\u00e9 la d\u00e9claration de son patrimoine le 3 janvier 2007 \u00e0 cette haute juridiction. Le dernier alin\u00e9a de l\u2019article 99 de la Constitution \u00e9nonce : \u00abDans les trente jours suivant la fin des fonctions, faute de cette d\u00e9claration, en cas de d\u00e9claration frauduleuse ou de soup\u00e7on d\u2019enrichissement sans cause, la Cour constitutionnelle ou la Cour de cassation est saisie selon le cas.<\/p>\n<p>On ne pr\u00eate qu\u2019aux riches. Une source kiboise bien intoduite dans les milieux hupp\u00e9s a fait cette confidence : &#8220;Joseph Kabila est \u00e0 la t\u00eate d\u2019une immense fortune personnelle. Il d\u00e9tient plus ou moins 50% des parts du Grand H\u00f4tel de Kinshasa. Il est quasiment propri\u00e9taire de l\u2019h\u00f4tel Karavia \u00e0 Lubumbashi. Propri\u00e9taire de la compagnie a\u00e9rienne Hewa Bora Airways, Joseph Kabila poss\u00e8de plusieurs ranchs \u00e0 Kinshasa et au Katanga.&#8221; Et de conclure : &#8220;L\u2019homme d\u2019affaires isra\u00e9lien Dan Gerttler lui sert de pr\u00eate-nom dans plusieurs int\u00e9r\u00eats bancaires, miniers et p\u00e9troliers\u2026\u00bb.<\/p>\n<p>En tous cas, les adversaires de \u00abJoseph Kabila\u00bb sont en embuscade pour d\u00e9voiler la date exacte du d\u00e9p\u00f4t de cette d\u00e9claration frapp\u00e9e par la forclusion. En attendant, conform\u00e9ment \u00e0 l\u2019article 99 de la Constitution, \u00abJoseph Kabila\u00bb, le pr\u00e9sident \u00abmal r\u00e9\u00e9lu\u00bb, est r\u00e9put\u00e9 d\u00e9missionnaire!<\/p>\n<p><strong>Baudouin Amba Wetshi\u00a0<\/strong><\/p>\n<p>&nbsp;\t\t<\/p>\n","protected":false},"excerpt":{"rendered":"<p>Source: Congoindependant.com. Par Baudouin Amba Wetshi. Selon une source judiciaire \u00e0 Kinshasa, les hauts magistrats de la Cour supr\u00eame de justice seraient en \u00e9moi. En cause, trente jours apr\u00e8s avoir pr\u00eat\u00e9 serment \u00e0 l\u2019issue de sa \u00abr\u00e9\u00e9lection\u00bb controvers\u00e9e, \u00abJoseph Kabila\u00bb n\u2019a toujours pas d\u00e9pos\u00e9 la d\u00e9claration \u00e9crite de son patrimoine. Oubli ou d\u00e9dain \u00e0 l\u2019\u00e9gard [&hellip;]<\/p>\n","protected":false},"author":1,"featured_media":1496,"comment_status":"open","ping_status":"open","sticky":false,"template":"","format":"standard","meta":{"_acf_changed":false,"content-type":"","footnotes":""},"categories":[107,122],"tags":[],"class_list":["post-1492","post","type-post","status-publish","format-standard","has-post-thumbnail","hentry","category-analyses-commentaires","category-news-alertes"],"acf":[],"_links":{"self":[{"href":"https:\/\/congolobilelo.com\/IN\/wp-json\/wp\/v2\/posts\/1492","targetHints":{"allow":["GET"]}}],"collection":[{"href":"https:\/\/congolobilelo.com\/IN\/wp-json\/wp\/v2\/posts"}],"about":[{"href":"https:\/\/congolobilelo.com\/IN\/wp-json\/wp\/v2\/types\/post"}],"author":[{"embeddable":true,"href":"https:\/\/congolobilelo.com\/IN\/wp-json\/wp\/v2\/users\/1"}],"replies":[{"embeddable":true,"href":"https:\/\/congolobilelo.com\/IN\/wp-json\/wp\/v2\/comments?post=1492"}],"version-history":[{"count":0,"href":"https:\/\/congolobilelo.com\/IN\/wp-json\/wp\/v2\/posts\/1492\/revisions"}],"wp:featuredmedia":[{"embeddable":true,"href":"https:\/\/congolobilelo.com\/IN\/wp-json\/"}],"wp:attachment":[{"href":"https:\/\/congolobilelo.com\/IN\/wp-json\/wp\/v2\/media?parent=1492"}],"wp:term":[{"taxonomy":"category","embeddable":true,"href":"https:\/\/congolobilelo.com\/IN\/wp-json\/wp\/v2\/categories?post=1492"},{"taxonomy":"post_tag","embeddable":true,"href":"https:\/\/congolobilelo.com\/IN\/wp-json\/wp\/v2\/tags?post=1492"}],"curies":[{"name":"wp","href":"https:\/\/api.w.org\/{rel}","templated":true}]}}