{"id":1471,"date":"2012-01-21T18:51:40","date_gmt":"2012-01-21T18:51:40","guid":{"rendered":"http:\/\/www.ingeta.com\/?p=1471"},"modified":"2012-01-21T18:51:40","modified_gmt":"2012-01-21T18:51:40","slug":"une-ex-ministre-senegalaise-si-vous-etes-noir-evitez-bruxelles","status":"publish","type":"post","link":"https:\/\/congolobilelo.com\/IN\/une-ex-ministre-senegalaise-si-vous-etes-noir-evitez-bruxelles\/","title":{"rendered":"Une ex-ministre s\u00e9n\u00e9galaise: &#8220;Si vous \u00eates noir, \u00e9vitez Bruxelles&#8221;"},"content":{"rendered":"<p>\t\t\t\t<em><strong>Source : <a href=\"http:\/\/www.sudpresse.be\/regions\/bruxelles\/2012-01-21\/une-ex-ministre-senegalaise-si-vous-etes-noir-evitez-bruxelles-932948.shtml\">Sudpresse.be<\/a>. Publi\u00e9 le 21\/01 \u00e0 10h02. Par P. N.<\/strong><\/em><\/p>\n<p><strong>Khadi Fall n&#8217;a rien d&#8217;une demandeuse d&#8217;asile. Prof d&#8217;universit\u00e9 \u00e0 Dakar, ex-ministre, elles se rend souvent en Europe pour y donner des conf\u00e9rences. Une fois encore, dit-elle, \u201c elle a \u00e9t\u00e9 accueillie comme une moins que rien \u201d par la police \u00e0 l&#8217;a\u00e9roport de Zaventem.<\/strong><\/p>\n<p><img loading=\"lazy\" decoding=\"async\" src=\"http:\/\/www.ingeta.com\/wp-content\/uploads\/2012\/01\/fall1.jpg\" alt=\"\" title=\"fall\" width=\"300\" height=\"200\" class=\"alignleft size-full wp-image-1479\" \/>&#8220;Si j&#8217;ai, cette fois, d\u00e9cid\u00e9 de t\u00e9moigner en \u00e9crivant une carte blanche sur le site d&#8217;un grand journal s\u00e9n\u00e9galais, c&#8217;est pour deux raisons. La premi\u00e8re, c&#8217;est que cela n&#8217;est pas la premi\u00e8re fois qu&#8217;on m&#8217;humilie \u00e0 Bruxelles. La seconde, c&#8217;est parce que beaucoup d&#8217;autres compatriotes ont subi les m\u00eames faits en se rendant en transit \u00e0 l&#8217;a\u00e9roport de Zaventem.&#8221;<\/p>\n<p>Madame Fall que nous avons pu joindre hier \u00e0 Dakar n&#8217;en d\u00e9mord pas. &#8220;Si vous \u00eates noir de peau, je vous conseille d&#8217;\u00e9viter Bruxelles. Avec ce type de comportement, on peut craindre qu&#8217;apr\u00e8s l&#8217;Italie et l&#8217;Espagne, la Belgique ne soit le troisi\u00e8me pays de l&#8217;Union europ\u00e9enne o\u00f9, pour des bagatelles, un S\u00e9n\u00e9galais risque d&#8217;\u00eatre froidement abattu d&#8217;un coup de feu.&#8221;<\/p>\n<p>Ce vendredi, la porte-parole de la police f\u00e9d\u00e9rale tombait des nues. &#8220;Cette dame a \u00e9t\u00e9 prise le 6 janvier pour un contr\u00f4le de deuxi\u00e8me ligne qui a dur\u00e9 28 minutes. Aucun incident n&#8217;a \u00e9t\u00e9 constat\u00e9&#8221;, d\u00e9clare-t-elle tout en pr\u00e9cisant que l&#8217;officier de liaison de la police, actuellement \u00e0 Dakar, va tenter d&#8217;entrer en contact avec Khadi Fall.<\/p>\n","protected":false},"excerpt":{"rendered":"<p>Source : Sudpresse.be. Publi\u00e9 le 21\/01 \u00e0 10h02. Par P. N. Khadi Fall n&#8217;a rien d&#8217;une demandeuse d&#8217;asile. Prof d&#8217;universit\u00e9 \u00e0 Dakar, ex-ministre, elles se rend souvent en Europe pour y donner des conf\u00e9rences. Une fois encore, dit-elle, \u201c elle a \u00e9t\u00e9 accueillie comme une moins que rien \u201d par la police \u00e0 l&#8217;a\u00e9roport de [&hellip;]<\/p>\n","protected":false},"author":1,"featured_media":1479,"comment_status":"open","ping_status":"open","sticky":false,"template":"","format":"standard","meta":{"_acf_changed":false,"content-type":"","footnotes":""},"categories":[122,124],"tags":[],"class_list":["post-1471","post","type-post","status-publish","format-standard","has-post-thumbnail","hentry","category-news-alertes","category-politique-societe"],"acf":[],"_links":{"self":[{"href":"https:\/\/congolobilelo.com\/IN\/wp-json\/wp\/v2\/posts\/1471","targetHints":{"allow":["GET"]}}],"collection":[{"href":"https:\/\/congolobilelo.com\/IN\/wp-json\/wp\/v2\/posts"}],"about":[{"href":"https:\/\/congolobilelo.com\/IN\/wp-json\/wp\/v2\/types\/post"}],"author":[{"embeddable":true,"href":"https:\/\/congolobilelo.com\/IN\/wp-json\/wp\/v2\/users\/1"}],"replies":[{"embeddable":true,"href":"https:\/\/congolobilelo.com\/IN\/wp-json\/wp\/v2\/comments?post=1471"}],"version-history":[{"count":0,"href":"https:\/\/congolobilelo.com\/IN\/wp-json\/wp\/v2\/posts\/1471\/revisions"}],"wp:featuredmedia":[{"embeddable":true,"href":"https:\/\/congolobilelo.com\/IN\/wp-json\/"}],"wp:attachment":[{"href":"https:\/\/congolobilelo.com\/IN\/wp-json\/wp\/v2\/media?parent=1471"}],"wp:term":[{"taxonomy":"category","embeddable":true,"href":"https:\/\/congolobilelo.com\/IN\/wp-json\/wp\/v2\/categories?post=1471"},{"taxonomy":"post_tag","embeddable":true,"href":"https:\/\/congolobilelo.com\/IN\/wp-json\/wp\/v2\/tags?post=1471"}],"curies":[{"name":"wp","href":"https:\/\/api.w.org\/{rel}","templated":true}]}}