{"id":1464,"date":"2012-01-20T18:33:27","date_gmt":"2012-01-20T18:33:27","guid":{"rendered":"http:\/\/www.ingeta.com\/?p=1464"},"modified":"2012-01-20T18:33:27","modified_gmt":"2012-01-20T18:33:27","slug":"le-regime-de-j-kabila-mal-laise-face-a-la-pression-des-combattants","status":"publish","type":"post","link":"https:\/\/congolobilelo.com\/IN\/le-regime-de-j-kabila-mal-laise-face-a-la-pression-des-combattants\/","title":{"rendered":"Le r\u00e9gime de J. Kabila mal l\u2019aise face \u00e0 la pression des Combattants"},"content":{"rendered":"<p>\t\t\t\t<em><strong>Source:\u00a0 <a href=\"http:\/\/guylainmoke.wordpress.com\/2012\/01\/20\/congo-rdcphenomene-combattants-le-regime-de-j-kabila-mal-laise-face-a-la-pression-des-combattants\/\">Guylain Gustave Moke<\/a>. Publi\u00e9 le 20 janvier 2012.<\/strong><\/em><\/p>\n<p><strong>Une enqu\u00eate r\u00e9alis\u00e9e aupr\u00e9s des services judiciaires europ\u00e9ens r\u00e9v\u00e8le que les gouvernements europ\u00e9ens ont accept\u00e9 en principe, la proposition du gouvernement congolais d\u2019arr\u00eater unilat\u00e9ralement et arbitrairement certains membres des dits &#8220;combattants&#8221; en flagrant d\u00e9lit de leurs droits de l\u2019homme.<\/strong><\/p>\n<p><img loading=\"lazy\" decoding=\"async\" class=\"alignleft size-full wp-image-1465\" title=\"Kabila\" src=\"http:\/\/www.ingeta.com\/wp-content\/uploads\/2012\/01\/kabila1.jpg\" alt=\"\" width=\"400\" height=\"341\" \/>La <a title=\"Democratic Republic of the Congo\" href=\"http:\/\/maps.google.com\/maps?ll=-4.31666666667,15.3166666667&amp;spn=10.0,10.0&amp;q=-4.31666666667,15.3166666667%20%28Democratic%20Republic%20of%20the%20Congo%29&amp;t=h\" rel=\"geolocation\">R\u00e9publique d\u00e9mocratique du Congo<\/a> traverse une crise post-\u00e9lectorale inpr\u00e9dictible. Cette crise,\u00a0a \u00e9t\u00e9 n\u00e9e\u00a0par un double scrutin chaotique, immoral aux standards d\u00e9mocratiques: d\u2019une part, la pr\u00e9sidentielle \u00e1 la sovi\u00e9tique, donnant lieu \u00e1 deux pr\u00e9sidents diam\u00e9tralement oppos\u00e9s, <a title=\"Joseph Kabila\" href=\"http:\/\/en.wikipedia.org\/wiki\/Joseph_Kabila\" rel=\"wikipedia\">Joseph Kabila<\/a>, \u00e9lu par ses flatteurs mais rejet\u00e9 par le peuple congolais et \u00c9tienne Tshisekedi, clam\u00e9 haut et fort vainqueur incontest\u00e9 de la pr\u00e9sidentielle, d\u2019autre part, le l\u00e9gislatif \u00e1 l\u2019aveuglette , dont les r\u00e9sultats sont d\u2019ores et d\u00e9j\u00e0 refoul\u00e9s, r\u00e9cus\u00e9s, contest\u00e9s par les acteurs politiques et le peuple congolais.<\/p>\n<p>D\u00e9s lors, la diaspora congolaise est mont\u00e9e sur ses grand-chevaux avec des \u201dmarches pacifiques\u201d mais qui d\u00e9g\u00e9n\u00e9r\u00e8rent souvent\u00a0au pire. L\u2019agression de M. <a title=\"Kengo Wa Dondo\" href=\"http:\/\/en.wikipedia.org\/wiki\/Kengo_Wa_Dondo\" rel=\"wikipedia\">L\u00e9on Kengo wa Dondo<\/a>, le pr\u00e9sident de S\u00e9nat Congolais, \u00e1 Paris, \u00e9tait sans doute l\u2019\u00e9picentre, la marque ind\u00e9l\u00e9bile, laiss\u00e9e \u00e1 la m\u00e9moire des acteurs politiques et aux autorit\u00e9s congolaises, de leur d\u00e9termination.<\/p>\n<p><a title=\"Belgian Senate\" href=\"http:\/\/maps.google.com\/maps?ll=50.8466666667,4.36472222222&amp;spn=0.01,0.01&amp;q=50.8466666667,4.36472222222%20%28Belgian%20Senate%29&amp;t=h\" rel=\"geolocation\">Le S\u00e9nat<\/a> congolais avait alors demand\u00e9 aux gouvernements europ\u00e9ens de rapatrier tous ceux qui seraient consid\u00e9r\u00e9s comme \u201d instigateurs de marches pacifiques\u201d, un droit acquis par la charte Universelle de \u201d Droit de l\u2019homme\u201d.<\/p>\n<p>Les gouvernements europ\u00e9ens complices de cette farce \u00e9lectorale en R\u00e9publique d\u00e9mocratique du Congo, multiplient des circulaires, visant les \u00e9trangers, en particulier congolais.<\/p>\n<p><strong>L\u2019allergie du gouvernement congolais<\/strong><\/p>\n<p>Le gouvernement congolais est allergique aux \u00e9chos de marches pacifiques des \u201dcombattants\u201d en Europe. La possibilit\u00e9 d\u2019une guerre civile, d\u2019un coup d\u2019\u00e9tat soumet le r\u00e9gime de Joseph Kabila \u00e1 la vigilance tout azimuts.<\/p>\n<p>De surcro\u00eet, une s\u00e9rie de mesures conservatoires et impopulaires sont prises pour restreindre l\u2019acc\u00e8s de l\u2019influence ext\u00e9rieure.<\/p>\n<p>D\u00e9sormais, et \u00e0 partir du 1er f\u00e9vrier 2012, tout laissez-passer, toute carte consulaire et tout visa ne portant pas l\u2019hologramme de l\u2019ambassade de la RDC en R\u00e9publique du Congo sera d\u00e9clar\u00e9 faux et le porteur d\u2019un tel document sera interpell\u00e9 par la Direction g\u00e9n\u00e9rale de migration (DGM).<\/p>\n<p>Ces nouvelles dispositions s\u00e9curitaires ont \u00e9t\u00e9 r\u00e9v\u00e9l\u00e9es mercredi \u00e0 la presse par l\u2019ambassadeur de la RDC au Congo-Brazzaville, Christophe Muzungu, \u00e0 l\u2019issue de l\u2019audience que lui a accord\u00e9e le vice-Premier ministre, ministre de l\u2019Int\u00e9rieur, de la s\u00e9curit\u00e9, de la d\u00e9centralisation et de l\u2019am\u00e9nagement du territoire, Adolphe Lumanu Mulenda Bwana N\u2019Sefu. L\u2019audience a eu lieu en pr\u00e9sence du directeur g\u00e9n\u00e9ral de la DGM, M. Beya.<\/p>\n<p>Cette mesure servirait \u00e1 scruter et contr\u00f4ler toute entr\u00e9e au sol congolais,\u00a0\u00e1 travers \u00a0Brazzaville, la seule fronti\u00e8re de tension entre les deux Congo, une voie dont les anti-Kabila comptent sans doute exploiter.<\/p>\n<p>Les analystes politiques qualifient cette mesure de \u201d tactique\u201d. La ville de Brazzaville est consid\u00e9r\u00e9e comme \u201d le tremplin\u201d d\u2019une possible guerre civile ou coup d\u2019\u00e9tat en RDC; elle est la seule voie d\u2019acc\u00e8s esp\u00e9r\u00e9e par les ant-Kabila. Le gouvernement congolais, conscient de cette r\u00e9alit\u00e9 cherche \u00e1 rester \u201d ma\u00eetre de la situation\u201d\u00a0avec l\u2019aide de \u00a0cette mesure.<\/p>\n<p><strong>Les Combattants<\/strong><\/p>\n<p>Contrairement au portrait peint par les m\u00e9dias europ\u00e9ennes, les combattants ne sont pas des radicaux, des extr\u00e9mistes anti-Kabila. D\u2019apr\u00e8s un membre d\u2019un groupe de r\u00e9sistance, bas\u00e9 en Bruxelles, les combattants seraient l\u2019ensemble de groupes au sein de la diaspora congolaise, luttant pour la lib\u00e9ration du Congo de l\u2019emprise de Joseph Kabila et l\u2019Occident.<\/p>\n<p>Ils accusent l\u2019occident de supporter le r\u00e9gime oppressif de Joseph Kabila, en vue de r\u00e9aliser \u00e1 bon sied la balkanisation du Congo.<\/p>\n<p>Par manque d\u2019homog\u00e9n\u00e9it\u00e9 et structure au sein de ces groupes composants les dits \u201d combattants\u201d, il est quasiment impossible de mieux les cerner. Chaque capitale europ\u00e9enne a ses propres combattants, les d\u00e9marches entreprises dans leur lutte, sont cependant diverses.<\/p>\n<p>Cette disparit\u00e9 de branches \u201d combattants\u201d met les bois sur les roues\u00a0pour \u00a0leur survie. Alors que les\u00a0uns pr\u00f4nent le dialogue, le d\u00e9bat ouvert, les autres pr\u00eachent la lib\u00e9ration \u00e1 tout prix.<\/p>\n<p><strong>La complicit\u00e9 de la France<\/strong><\/p>\n<p>L\u2019Ambassadeur fran\u00e7ais \u00e1 Kinshasa, M. Luc Hallade aurait affirm\u00e9 que son gouvernement ne tarderait pas \u00e1 rapatrier \u201d les combattants\u201d qui commettreraient des actes de violence en France, comme l\u2019aurait demand\u00e9 le gouvernement congolais.<\/p>\n<p>Des sources judiciaires fran\u00e7aises auraient d\u00e9j\u00e0 arr\u00eat\u00e9s six personnes, en relation avec l\u2019agression de L\u00e9on Kengo. Nous apprenons au pr\u00e9s de leurs avocats que \u201d ces derniers seraient victimes de la politisation de droit de l\u2019homme en France, en particulier, en l\u2019encontre des \u00e9trangers\u201d.<\/p>\n<p>En France le d\u00e9put\u00e9 UMP <a title=\"Jean-Paul Garraud\" href=\"http:\/\/en.wikipedia.org\/wiki\/Jean-Paul_Garraud\" rel=\"wikipedia\">Jean-Paul Garraud<\/a> a d\u00e9voil\u00e9, jeudi 12 janvier, une proposition de loi qui entend rendre syst\u00e9matique l\u2019examen, par les juges, de la possibilit\u00e9 d\u2019expulser les \u00e9trangers condamn\u00e9s qui ne disposeraient pas d\u2019attaches en France.<\/p>\n<p>Ce texte propose \u00e9galement une extension des peines plancher des \u00ab r\u00e9cidivistes \u00bb aux \u00ab r\u00e9it\u00e9rants \u00bb, soit les personnes condamn\u00e9es pour d\u2019autres faits initialement. La proposition de loi de M. Garraud r\u00e9pond \u00e0 une demande du ministre de l\u2019int\u00e9rieur, Claude Gu\u00e9ant, qui avait souhait\u00e9, en d\u00e9cembre 2011, que soient prises <em>\u00ab des mesures sp\u00e9cifiques \u00bb<\/em> contre la <em>\u00ab d\u00e9linquance \u00e9trang\u00e8re \u00bb<\/em>.<\/p>\n<p>Les sources judiciaires fran\u00e7aises qualifient bizarrement les actions de dits \u201d combattants\u201d:de\u00a0\u201d d\u00e9linquance \u00e9trang\u00e8re \u201d par cons\u00e9quent \u201d susceptibles au traitement\u00a0de la\u00a0proposition de loi annonc\u00e9e par Jean-Paul Garraud.<\/p>\n<p><strong>Le double jeu \u00a0de la Belgique<\/strong><\/p>\n<p>En Belgique, la S\u00fbret\u00e9 de l\u2019Etat tient \u00e0 l\u2019oeil plusieurs groupuscules, parfois infiltr\u00e9s par des casseurs, dont certains ont particip\u00e9 aux \u00e9meutes de d\u00e9cembre dernier \u00e0 Bruxelles. \u201cLe noyau dur des radicaux, en Belgique, compte 25 \u00e0 30 membres\u201d, selon un sp\u00e9cialiste du dossier au sein des forces de s\u00e9curit\u00e9, interrog\u00e9 par Le Vif.<\/p>\n<p>\u201cIls se r\u00e9unissent dans des caf\u00e9s, ont d\u00e9sign\u00e9 des responsables par zone et organisent des coups avec le soutien d\u2019autres \u2018combattants\u2019 venus de Paris et de Londres. Il y a une certaine coordination entre ces ultras, m\u00eame si le mouvement est une n\u00e9buleuse internationale pas tr\u00e8s structur\u00e9e.\u201d rapporte la Libre.<\/p>\n<p>Les\u00a0combattants ne limitent pas leur champ d\u2019action aux \u00e9meutes. Ils se livrent aussi \u00e0 des agressions violentes contre des personnalit\u00e9s jug\u00e9es proche du pouvoir.<\/p>\n<p>M. Reynders, le vice-Premier ministre et ministre belge des Affaires \u00e9trang\u00e8res, a pr\u00e9sent\u00e9, entre autres, la position de Bruxelles sur le dossier de la RDCongo \u00e0 cette occasion.<\/p>\n<p>La Belgique souhaite qu\u2019une \u201cnouvelle Assembl\u00e9e dans de meilleures conditions de compilation des r\u00e9sultats de l\u2019\u00e9lection pr\u00e9sidentielle\u201d soit install\u00e9e \u00e0 Kinshasa pour rassembler l\u2019ensemble des acteurs et que lors des prochaines \u00e9lections locales, le processus se d\u00e9roule mieux pour le d\u00e9pouillement, a d\u00e9clar\u00e9 M. Reynders.<\/p>\n<p>En termes clairs et lucides: La Belgique supporte la r\u00e9\u00e9lection \u00e1 la sovi\u00e9tique de Joseph Kabila et dansera d\u00e9sormais avec lui, m\u00eame s\u2019il faudrait abuser le droit de l\u2019homme des \u201d combattants\u201d.<\/p>\n<p><strong><a title=\"Charter of 1814\" href=\"http:\/\/en.wikipedia.org\/wiki\/Charter_of_1814\" rel=\"wikipedia\">La Charte<\/a> de droit de l\u2019homme<\/strong><\/p>\n<p>Les gouvernements europ\u00e9ens signataires de \u201dTrait\u00e9 de droit de l\u2019homme europ\u00e9en de Rome\u201d, la forme \u00e9labor\u00e9e de la charte universelle de droit de l\u2019homme, doivent garantir une protection internationale \u00e1 ceux qui seraient \u201dobjects de torture\u201d chez eux, mais aussi respecter le droit de la \u201dvie priv\u00e9e et familiale de ces derniers.<\/p>\n<p>Selon l\u2019article 3 ECHR, il est prohib\u00e9 de rapatrier quiconque vers son pays d\u2019origine, si seulement si le(la) rapatri\u00e9(e) serait \u201dobject de torture\u201d. Certains combattants ne b\u00e9n\u00e9ficieraient pas d\u2019une justice impartiale, d\u2019un traitement humain, de retour au Congo.<\/p>\n<p>D\u2019autres par contre ont \u00e9tablie l\u2019existence d\u2019une vie priv\u00e9e et familiale, conform\u00e9ment \u00e1 l\u2019article 8ECHR. Les dissociant\u00a0 arbitrairement, unilat\u00e9ralement de leur famille, reviendrait \u00e1 un abus de droit de l\u2019homme.<\/p>\n<p><strong>Conclusion<\/strong><\/p>\n<p>Certes, la violence sous toutes ses formes \u00e1 l\u2019encontre d\u2019une personne, contre les combattants, contre les acteurs politiques, encore moins les autorit\u00e9s, n\u2019a pas\u00a0une\u00a0valeur \u00a0d\u00e9mocratique dans une soci\u00e9t\u00e9 civilis\u00e9e.<\/p>\n<p>N\u00e9anmoins, la d\u00e9termination d\u2019un peuple, groupe, mouvement, de lutter, manifester pacifiquement, ne doit cependant pas \u00eatre coinc\u00e9e, manipul\u00e9e, stigmatis\u00e9e. La phras\u00e9ologie des \u201d radicaux Anti-Kabila\u201d pour d\u00e9crire les combattants, membres de la diaspora congolaise ne convient pas. Elle ne facilite pas la compr\u00e9hension requise de la r\u00e9alit\u00e9.<\/p>\n<p>Une approche \u00e9quilibr\u00e9e, balanc\u00e9e devrait remporter sur la politisation, la criminalisation d\u2019une action pacifique, dans une enveloppe de respect de droit de l\u2019homme.<\/p>\n<p>L\u2019attitude, position adopt\u00e9e par la France et Belgique de criminaliser et rapatrier \u201d manu militari\u201d les combattants vers la gueule du loup, est un chantage politique, un abus de droit de l\u2019homme de \u201dcombattants\u201d.<\/p>\n<p>Idem, pour les \u201dcombattants\u201d, les actions de violence, de vandalisme dans leur lutte sacr\u00e9e pourraient bien \u00eatre \u201d \u00e1 l\u2019encontre des valeurs r\u00e9publicaines de leur pays de r\u00e9sidence, et terniraient l\u2019image d\u2019un combat patriotique.<\/p>\n<p>&nbsp;<\/p>\n<p><em><strong>Par Guylain Gustave Moke, Analyste Politique\/Expert Aux Affaires Africaines.<\/strong><\/em>\t\t<\/p>\n","protected":false},"excerpt":{"rendered":"<p>Source:\u00a0 Guylain Gustave Moke. Publi\u00e9 le 20 janvier 2012. Une enqu\u00eate r\u00e9alis\u00e9e aupr\u00e9s des services judiciaires europ\u00e9ens r\u00e9v\u00e8le que les gouvernements europ\u00e9ens ont accept\u00e9 en principe, la proposition du gouvernement congolais d\u2019arr\u00eater unilat\u00e9ralement et arbitrairement certains membres des dits &#8220;combattants&#8221; en flagrant d\u00e9lit de leurs droits de l\u2019homme. La R\u00e9publique d\u00e9mocratique du Congo traverse une [&hellip;]<\/p>\n","protected":false},"author":1,"featured_media":1465,"comment_status":"open","ping_status":"open","sticky":false,"template":"","format":"standard","meta":{"_acf_changed":false,"content-type":"","footnotes":""},"categories":[107,122,124],"tags":[],"class_list":["post-1464","post","type-post","status-publish","format-standard","has-post-thumbnail","hentry","category-analyses-commentaires","category-news-alertes","category-politique-societe"],"acf":[],"_links":{"self":[{"href":"https:\/\/congolobilelo.com\/IN\/wp-json\/wp\/v2\/posts\/1464","targetHints":{"allow":["GET"]}}],"collection":[{"href":"https:\/\/congolobilelo.com\/IN\/wp-json\/wp\/v2\/posts"}],"about":[{"href":"https:\/\/congolobilelo.com\/IN\/wp-json\/wp\/v2\/types\/post"}],"author":[{"embeddable":true,"href":"https:\/\/congolobilelo.com\/IN\/wp-json\/wp\/v2\/users\/1"}],"replies":[{"embeddable":true,"href":"https:\/\/congolobilelo.com\/IN\/wp-json\/wp\/v2\/comments?post=1464"}],"version-history":[{"count":0,"href":"https:\/\/congolobilelo.com\/IN\/wp-json\/wp\/v2\/posts\/1464\/revisions"}],"wp:featuredmedia":[{"embeddable":true,"href":"https:\/\/congolobilelo.com\/IN\/wp-json\/"}],"wp:attachment":[{"href":"https:\/\/congolobilelo.com\/IN\/wp-json\/wp\/v2\/media?parent=1464"}],"wp:term":[{"taxonomy":"category","embeddable":true,"href":"https:\/\/congolobilelo.com\/IN\/wp-json\/wp\/v2\/categories?post=1464"},{"taxonomy":"post_tag","embeddable":true,"href":"https:\/\/congolobilelo.com\/IN\/wp-json\/wp\/v2\/tags?post=1464"}],"curies":[{"name":"wp","href":"https:\/\/api.w.org\/{rel}","templated":true}]}}