{"id":1448,"date":"2012-01-20T05:54:07","date_gmt":"2012-01-20T05:54:07","guid":{"rendered":"http:\/\/www.ingeta.com\/?p=1448"},"modified":"2012-01-20T05:54:07","modified_gmt":"2012-01-20T05:54:07","slug":"retour-sur-actu-le-livre-noir-canada-pillage-corruption-et-criminalite-en-afrique-retire-a-la-vente","status":"publish","type":"post","link":"https:\/\/congolobilelo.com\/IN\/retour-sur-actu-le-livre-noir-canada-pillage-corruption-et-criminalite-en-afrique-retire-a-la-vente\/","title":{"rendered":"Retour sur actu : Le livre &#8220;Noir Canada: pillage, corruption et criminalit\u00e9 en Afrique &#8221; retir\u00e9 \u00e0 la vente"},"content":{"rendered":"<p>\t\t\t\t<a href=\"http:\/\/www.ingeta.com\/wp-content\/uploads\/2012\/01\/couv-noir-canada.jpg\"><img loading=\"lazy\" decoding=\"async\" class=\"alignleft  wp-image-1450\" title=\"couv noir canada\" src=\"http:\/\/www.ingeta.com\/wp-content\/uploads\/2012\/01\/couv-noir-canada.jpg\" alt=\"\" width=\"240\" height=\"374\" \/><\/a>C\u2019est la fin, du moins en partie, d\u2019une p\u00e9nible saga judiciaire pour \u00c9cosoci\u00e9t\u00e9. La maison d\u2019\u00e9dition a en effet sign\u00e9 une entente \u00e0 l\u2019amiable avec la plus grosse mini\u00e8re du globe, Barrick Gold. <a href=\"http:\/\/www.ecosociete.org\/entente.php\" target=\"_blank\" rel=\"noopener\"><strong>Un accord<\/strong><\/a> qui met fin \u00e0 la poursuite pour diffamation de <strong>6 millions de dollars<\/strong> intent\u00e9e par la multinationale en 2008, \u00e0 la suite de la publication du livre Noir Canada. Pillage, corruption et criminalit\u00e9 en Afrique.<\/p>\n<p>Mais \u00c9cosoci\u00e9t\u00e9 doit cesser la publication et l\u2019impression de l\u2019ouvrage, en plus de verser un montant \u00absignificatif\u00bb \u00e0 une entreprise qui a d\u00e9gag\u00e9 1,6 milliard de profits au deuxi\u00e8me trimestre. Et une autre poursuite, intent\u00e9e par la mini\u00e8re Banro, n\u2019est toujours pas r\u00e9gl\u00e9e.\u00ab<em>Ce retrait ne saurait en rien constituer un d\u00e9saveu du travail des auteurs, Delphine Abadie, Alain Deneault et William Sacher, ou de l\u2019\u00e9diteur<\/em>\u00bb, s\u2019est d\u00e9fendue \u00c9cosoci\u00e9t\u00e9 par voie de communiqu\u00e9.<\/p>\n<p>Pour la maison d\u2019\u00e9dition, l\u2019\u00ab<strong><em>analyse du r\u00f4le des soci\u00e9t\u00e9s canadiennes en Afrique aura permis d\u2019ouvrir un d\u00e9bat n\u00e9cessaire sur le paradis judiciaire qu\u2019est le Canada pour les entreprises mini\u00e8res mondiales et aura fait r\u00e9aliser aux Canadiens que leur \u00e9pargne se trouve investie dans ces activit\u00e9s controvers\u00e9es. Les \u00e9ditions \u00c9cosoci\u00e9t\u00e9 restent convaincues que l\u2019ouvrage m\u00e9ritait d\u2019\u00eatre publi\u00e9<\/em><\/strong>\u00bb.<\/p>\n<p>\u00ab<em>Barrick, les auteurs et \u00c9cosoci\u00e9t\u00e9 conviennent que l\u2019action institu\u00e9e par Barrick et l\u2019\u00e9criture et la publication du livre Noir Canada par les auteurs et \u00c9cosoci\u00e9t\u00e9 ont \u00e9t\u00e9 entreprises de bonne foi et avec la conviction qu\u2019elles \u00e9taient l\u00e9gitimes<\/em>\u00bb, ont aussi \u00e9crit les deux parties dans une d\u00e9claration commune. L\u2019ouvrage fait \u00e9tat de nombreux abus qu\u2019auraient commis des soci\u00e9t\u00e9s mini\u00e8res canadiennes en Afrique. La maison d\u2019\u00e9dition entend d\u2019ailleurs continuer de publier \u00abdes essais d\u2019int\u00e9r\u00eat public visant \u00e0 susciter des d\u00e9bats de soci\u00e9t\u00e9\u00bb, a indiqu\u00e9 une porte-parole, Anne-Marie Voisard.<\/p>\n<p>Les auteurs ont toutefois d\u00fb revenir sur certaines affirmations contenues dans le livre concernant la pr\u00e9sence controvers\u00e9e de <strong>Barrick Gold au Congo<\/strong> et en Tanzanie. \u00ab<em>Les auteurs r\u00e9it\u00e8rent ce qu\u2019ils ont \u00e9crit dans l\u2019introduction de Noir Canada, \u00e0 savoir que \u00ab\u00a0cet ouvrage ne constitue pas une condamnation sommaire de soci\u00e9t\u00e9s\u00a0<\/em>\u00bb qu\u2019il cite, et qu\u2019ils ne s\u2019\u00e9taient pas donn\u00e9s pour mandat d\u2019assurer ultimement la v\u00e9racit\u00e9 des all\u00e9gations que le livre d\u00e9veloppe \u00e0 partir de documents publics\u00bb, ajoutent-ils dans la d\u00e9claration commune.<\/p>\n<p>Dans ladite entente, Barrcik reconnait que &#8220;<em>En relation avec le contenu de Noir Canada concernant le Congo, Barrick reconna\u00eet que la th\u00e8se des Auteurs et de plusieurs autres personnes est \u00e0 l\u2019effet que la pr\u00e9sence de plusieurs ressources min\u00e9rales, dont l\u2019or, au Congo \u00e9tait un des principaux motifs \u00e0 l\u2019origine des conflits dans ce pays et que la pr\u00e9sence de compagnies mini\u00e8res transnationales dans une r\u00e9gion en guerre, telle les Grands Lacs africains peut avoir des cons\u00e9quences impr\u00e9vues et s\u00e9rieuses<\/em> (NDL: des millions de morts)&#8221;.\u00a0 <a href=\"http:\/\/www.ingeta.com\/wp-content\/uploads\/2012\/01\/Alain-Denault-supreme-court.jpg\"><img loading=\"lazy\" decoding=\"async\" class=\"alignright  wp-image-1451\" title=\"Alain Denault supreme court\" src=\"http:\/\/www.ingeta.com\/wp-content\/uploads\/2012\/01\/Alain-Denault-supreme-court.jpg\" alt=\"\" width=\"272\" height=\"204\" \/><\/a><\/p>\n<p>Ce r\u00e8glement permet aux \u00e9ditions \u00c9cosoci\u00e9t\u00e9 et aux auteurs de Noir Canada de se d\u00e9gager d\u2019un proc\u00e8s de 40 jours, mais aussi \u00abde multiples proc\u00e9dures repr\u00e9sentant en soi des co\u00fbts financiers, humains et moraux colossaux\u00bb, a soulign\u00e9 Mme Voisard.<\/p>\n<p>Si le dossier est maintenant clos avec Barrick, \u00c9cosoci\u00e9t\u00e9 doit toujours faire face \u00e0 une <strong>poursuite de 5 millions de dollars de la<\/strong><strong> <\/strong><strong>part de la mini\u00e8re aurif\u00e8re Banro<\/strong>.Dans ce cas, la poursuite a \u00e9t\u00e9 intent\u00e9e devant les tribunaux ontariens, mais la maison d\u2019\u00e9dition esp\u00e8re faire rapatrier les proc\u00e9dures judiciaires au Qu\u00e9bec. La cause est actuellement en Cour supr\u00eame.<\/p>\n<p><strong>Banro a d\u00e9j\u00e0 \u00e9t\u00e9 montr\u00e9e du doigt pour ses activit\u00e9s en R\u00e9publique d\u00e9mocratique du Congo.<\/strong> Dans un rapport produit par les Nations unies en 2002 et transmis au Conseil de s\u00e9curit\u00e9 \u2014 rapport sign\u00e9 de la main de l\u2019ancien secr\u00e9taire g\u00e9n\u00e9ral <em>Kofi Annan<\/em> \u2013, un groupe d\u2019experts sp\u00e9cialistes de l\u2019exploitation ill\u00e9gale des ressources naturelles soutient que la mini\u00e8re Banro fait partie des entreprises qui violent les r\u00e8gles de l\u2019OCDE au sujet des multinationales.<\/p>\n<p><em>Alexandre Shields, Le Devoir 20\/10\/2011<\/em><\/p>\n<p><strong>Interview de Alain Denault<\/strong><\/p>\n<p><iframe loading=\"lazy\" title=\"Alain Deneault : Noir Canada &quot;Pillage, corruption et criminalit\u00e9 en Afrique&quot;\" width=\"1080\" height=\"608\" src=\"https:\/\/www.youtube.com\/embed\/-rZlyUv7sHo?feature=oembed\" frameborder=\"0\" allow=\"accelerometer; autoplay; clipboard-write; encrypted-media; gyroscope; picture-in-picture; web-share\" referrerpolicy=\"strict-origin-when-cross-origin\" allowfullscreen><\/iframe>\t\t<\/p>\n","protected":false},"excerpt":{"rendered":"<p>C\u2019est la fin, du moins en partie, d\u2019une p\u00e9nible saga judiciaire pour \u00c9cosoci\u00e9t\u00e9. La maison d\u2019\u00e9dition a en effet sign\u00e9 une entente \u00e0 l\u2019amiable avec la plus grosse mini\u00e8re du globe, Barrick Gold. Un accord qui met fin \u00e0 la poursuite pour diffamation de 6 millions de dollars intent\u00e9e par la multinationale en 2008, \u00e0 [&hellip;]<\/p>\n","protected":false},"author":1,"featured_media":1449,"comment_status":"open","ping_status":"open","sticky":false,"template":"","format":"standard","meta":{"_acf_changed":false,"content-type":"","footnotes":""},"categories":[107,141,150,158,120,122],"tags":[],"class_list":["post-1448","post","type-post","status-publish","format-standard","has-post-thumbnail","hentry","category-analyses-commentaires","category-canada","category-economie-entreprises","category-interviews","category-mondialisation","category-news-alertes"],"acf":[],"_links":{"self":[{"href":"https:\/\/congolobilelo.com\/IN\/wp-json\/wp\/v2\/posts\/1448","targetHints":{"allow":["GET"]}}],"collection":[{"href":"https:\/\/congolobilelo.com\/IN\/wp-json\/wp\/v2\/posts"}],"about":[{"href":"https:\/\/congolobilelo.com\/IN\/wp-json\/wp\/v2\/types\/post"}],"author":[{"embeddable":true,"href":"https:\/\/congolobilelo.com\/IN\/wp-json\/wp\/v2\/users\/1"}],"replies":[{"embeddable":true,"href":"https:\/\/congolobilelo.com\/IN\/wp-json\/wp\/v2\/comments?post=1448"}],"version-history":[{"count":0,"href":"https:\/\/congolobilelo.com\/IN\/wp-json\/wp\/v2\/posts\/1448\/revisions"}],"wp:featuredmedia":[{"embeddable":true,"href":"https:\/\/congolobilelo.com\/IN\/wp-json\/"}],"wp:attachment":[{"href":"https:\/\/congolobilelo.com\/IN\/wp-json\/wp\/v2\/media?parent=1448"}],"wp:term":[{"taxonomy":"category","embeddable":true,"href":"https:\/\/congolobilelo.com\/IN\/wp-json\/wp\/v2\/categories?post=1448"},{"taxonomy":"post_tag","embeddable":true,"href":"https:\/\/congolobilelo.com\/IN\/wp-json\/wp\/v2\/tags?post=1448"}],"curies":[{"name":"wp","href":"https:\/\/api.w.org\/{rel}","templated":true}]}}