{"id":1439,"date":"2012-01-19T22:06:14","date_gmt":"2012-01-19T22:06:14","guid":{"rendered":"http:\/\/www.ingeta.com\/?p=1439"},"modified":"2012-01-19T22:06:14","modified_gmt":"2012-01-19T22:06:14","slug":"belgique-le-ministre-des-affaires-etrangeres-choisit-kabila","status":"publish","type":"post","link":"https:\/\/congolobilelo.com\/IN\/belgique-le-ministre-des-affaires-etrangeres-choisit-kabila\/","title":{"rendered":"Belgique: Le ministre des affaires \u00e9trang\u00e8res choisit Kabila"},"content":{"rendered":"<p>\t\t\t\tMercredi 18 janvier 2012 dans l\u2019apr\u00e8s-midi, monsieur Didier Reynders, ministre belge des affaires \u00e9trang\u00e8res a \u00e9t\u00e9 longuement entendu \u00e0 la commission des relations ext\u00e9rieures de la chambre.En un mot comme en mille, monsieur Didier Reynders a appuy\u00e9 la lettre de monsieur Di Rupo \u00e0 Kabila et pour lui, ce dossier de la pr\u00e9sidentielle congolaise \u00e9tait clos : Le Pr\u00e9sident, c\u2019est monsieur Joseph Kabila. Dans cette vid\u00e9o, les congolais r\u00e9agissent.<\/p>\n<p><iframe loading=\"lazy\" frameborder=\"0\" width=\"480\" height=\"270\" src=\"http:\/\/www.dailymotion.com\/embed\/video\/xnsrz7\"><\/iframe><br \/><a href=\"http:\/\/www.dailymotion.com\/video\/xnsrz7_ministre-belge-des-affaires-etrangeres-choisit-kabila-reactions-des-congolais_news\" target=\"_blank\" rel=\"noopener\">MINISTRE BELGE DES AFFAIRES ETRANGERES CHOISIT&#8230;<\/a> <i>par <a href=\"http:\/\/www.dailymotion.com\/CONGOLAISDEBELGIQUEINFO\" target=\"_blank\" rel=\"noopener\">CONGOLAISDEBELGIQUEINFO<\/a><\/i><\/p>\n","protected":false},"excerpt":{"rendered":"<p>Mercredi 18 janvier 2012 dans l\u2019apr\u00e8s-midi, monsieur Didier Reynders, ministre belge des affaires \u00e9trang\u00e8res a \u00e9t\u00e9 longuement entendu \u00e0 la commission des relations ext\u00e9rieures de la chambre.En un mot comme en mille, monsieur Didier Reynders a appuy\u00e9 la lettre de monsieur Di Rupo \u00e0 Kabila et pour lui, ce dossier de la pr\u00e9sidentielle congolaise \u00e9tait [&hellip;]<\/p>\n","protected":false},"author":1,"featured_media":1440,"comment_status":"open","ping_status":"open","sticky":false,"template":"","format":"standard","meta":{"_acf_changed":false,"content-type":"","footnotes":""},"categories":[122,124],"tags":[],"class_list":["post-1439","post","type-post","status-publish","format-standard","has-post-thumbnail","hentry","category-news-alertes","category-politique-societe"],"acf":[],"_links":{"self":[{"href":"https:\/\/congolobilelo.com\/IN\/wp-json\/wp\/v2\/posts\/1439","targetHints":{"allow":["GET"]}}],"collection":[{"href":"https:\/\/congolobilelo.com\/IN\/wp-json\/wp\/v2\/posts"}],"about":[{"href":"https:\/\/congolobilelo.com\/IN\/wp-json\/wp\/v2\/types\/post"}],"author":[{"embeddable":true,"href":"https:\/\/congolobilelo.com\/IN\/wp-json\/wp\/v2\/users\/1"}],"replies":[{"embeddable":true,"href":"https:\/\/congolobilelo.com\/IN\/wp-json\/wp\/v2\/comments?post=1439"}],"version-history":[{"count":0,"href":"https:\/\/congolobilelo.com\/IN\/wp-json\/wp\/v2\/posts\/1439\/revisions"}],"wp:featuredmedia":[{"embeddable":true,"href":"https:\/\/congolobilelo.com\/IN\/wp-json\/"}],"wp:attachment":[{"href":"https:\/\/congolobilelo.com\/IN\/wp-json\/wp\/v2\/media?parent=1439"}],"wp:term":[{"taxonomy":"category","embeddable":true,"href":"https:\/\/congolobilelo.com\/IN\/wp-json\/wp\/v2\/categories?post=1439"},{"taxonomy":"post_tag","embeddable":true,"href":"https:\/\/congolobilelo.com\/IN\/wp-json\/wp\/v2\/tags?post=1439"}],"curies":[{"name":"wp","href":"https:\/\/api.w.org\/{rel}","templated":true}]}}