{"id":1392,"date":"2012-01-18T20:56:23","date_gmt":"2012-01-18T20:56:23","guid":{"rendered":"http:\/\/www.ingeta.com\/?p=1392"},"modified":"2012-01-18T20:56:23","modified_gmt":"2012-01-18T20:56:23","slug":"legislatives-processus-electoral-suffoque-les-experts-etrangers-donnent-raison-a-e-tshisekedi","status":"publish","type":"post","link":"https:\/\/congolobilelo.com\/IN\/legislatives-processus-electoral-suffoque-les-experts-etrangers-donnent-raison-a-e-tshisekedi\/","title":{"rendered":"L\u00e9gislatives: Processus \u00e9lectoral suffoqu\u00e9: Les experts \u00e9trangers donnent raison \u00e1 E. Tshisekedi"},"content":{"rendered":"<p>\t\t\t\t<strong>Par <a href=\"http:\/\/guylainmoke.wordpress.com\/2012\/01\/18\/congolegislatives-processus-electoral-suffoque-les-experts-etrangers-donnent-raison-a-e-tshisekedi\/\">Guylain Gustave Moke<\/a>.<\/strong><\/p>\n<p>La crise post-\u00e9lectorale au Congo est bien sur une descente en enfer. Le chaos caus\u00e9 par l\u2019\u00e9chec logistique et organisationnel de double scrutin, pr\u00e9sidentiel et l\u00e9gislatif,\u00a0 force la <a title=\"Democratic Republic of the Congo\" href=\"http:\/\/maps.google.com\/maps?ll=-4.31666666667,15.3166666667&amp;spn=10.0,10.0&amp;q=-4.31666666667,15.3166666667%20%28Democratic%20Republic%20of%20the%20Congo%29&amp;t=h\" rel=\"geolocation\">R\u00e9publique d\u00e9mocratique du Congo<\/a> au rythme d\u2019un Tour de Babel politique.<\/p>\n<p><img loading=\"lazy\" decoding=\"async\" class=\"alignnone size-full wp-image-1393\" title=\"ET\" src=\"http:\/\/www.ingeta.com\/wp-content\/uploads\/2012\/01\/ET.jpeg\" alt=\"\" width=\"512\" height=\"341\" \/><\/p>\n<p>L\u2019arriv\u00e9e des experts \u00e9trangers en <a title=\"Democratic Republic of the Congo\" href=\"http:\/\/maps.google.com\/maps?ll=-4.31666666667,15.3166666667&amp;spn=10.0,10.0&amp;q=-4.31666666667,15.3166666667%20%28Democratic%20Republic%20of%20the%20Congo%29&amp;t=h\">R\u00e9publique d\u00e9mocratique du Congo<\/a> (RDC), le 05 Janvier dernier,\u00a0pour \u00e9tudier la faisabilit\u00e9 d\u2019une r\u00e9vision \u201cplus large\u201d du processus de compilation des r\u00e9sultats des \u00e9lections l\u00e9gislatives du 28 novembre 2011, a \u00e9t\u00e9 interpr\u00e9t\u00e9 comme \u201d une bouff\u00e9e d\u2019air\u201d pour sauver\u00a0un processus \u00e9lectoral suffoqu\u00e9.<\/p>\n<p>Incapables d\u2019effectuer ind\u00e9pendamment leur mandat assign\u00e9, les experts agents \u00e9lectoraux \u00e9trangers, jettent l\u2019\u00e9ponge et rebroussent le chemin sans tambour, sans pompe.<\/p>\n<p>\u201dDes experts \u00e9trangers devraient\u00a0 \u00e9valuer la disponibilit\u00e9 des donn\u00e9es cruciales et les personnels n\u00e9cessaires pour une r\u00e9vision plus large du processus de compilation des r\u00e9sultats des \u00e9lections l\u00e9gislatives du 28 novembre\u201d\u00a0 a indiqu\u00e9\u00a0\u00a0\u00a0\u00a0 le\u00a0pr\u00e9sident de l\u2019IFES, William Sweeney.<\/p>\n<p>\u201cL\u2019objectif (\u2026)\u00a0\u00e9tait de d\u00e9terminer s\u2019il\u00a0\u00e9tait possible de v\u00e9rifier les r\u00e9sultats des \u00e9lections \u00e0 travers une r\u00e9vision plus large des op\u00e9rations et de proposer des conseils sur la forme qu\u2019un tel effort pourrait prendre mais il est \u00e9videmment difficile d\u2019accomplir cette tache avec les conditions actuelles\u201d, a pr\u00e9cis\u00e9 le pr\u00e9sident du NDI, Kenneth Wollack.<\/p>\n<p>Selon le calendrier am\u00e9nag\u00e9 de la CENI, c\u2019est aujourd\u2019hui, 18 janvier, que seront publi\u00e9s les r\u00e9sultats de l\u2019ensemble des provinces. Hormis bien s\u00fbr ceux des quatre circonscriptions \u00e9lectorales de la ville de <a title=\"Kinshasa\" href=\"http:\/\/maps.google.com\/maps?ll=-4.325,15.3222222222&amp;spn=0.1,0.1&amp;q=-4.325,15.3222222222%20%28Kinshasa%29&amp;t=h\" rel=\"geolocation\">Kinshasa<\/a> programm\u00e9s pour le 26 janvier. Mais entre-temps, le public aurait vivement souhait\u00e9 conna\u00eetre le r\u00e9sultat de la mission des experts internationaux venus \u00e0 la rescousse de la CENI.<\/p>\n<p>Le rapport des experts \u00e9trangers devrait donner un surplus de cr\u00e9dibilit\u00e9 aux r\u00e9sultats attendus de la CENI. Leur d\u00e9part en incognito, sans rapport d\u00e9taill\u00e9 des difficult\u00e9s rencontr\u00e9es dans leur tache d\u00e9licate, renforce les doutes sur l\u2019impartialit\u00e9 et transparence de la CENI, rendant ainsi \u201dsuspicieux\u201d ses r\u00e9sultats de l\u00e9gislatif.<\/p>\n<p>Le pr\u00e9sident auto-proclamm\u00e9, M. \u00c9tienne Tshisekedi l\u2019avait bonnement qualifi\u00e9 de\u201d de visite touristique\u201d.<\/p>\n<p><strong>A chacun son langage<\/strong><\/p>\n<p>Plusieurs voix s\u2019\u00e9l\u00e8vent pour\u00a0sauver le processus \u00e9lectoral.<\/p>\n<p>L\u2019UDPS revendique la victoire de la pr\u00e9sidentielle; victoire kidnapp\u00e9e par le pr\u00e9sident sortant <a title=\"Joseph Kabila\" href=\"http:\/\/www.answers.com\/topic\/joseph-kabila#Gale_Contemporary_Black_Biography_d\" rel=\"answerscom\">Joseph Kabila<\/a>, dans une farce\u00a0\u00e9lectorale avec l\u2019onction de la communaut\u00e9 internationale.<\/p>\n<p><a title=\"Kengo Wa Dondo\" href=\"http:\/\/en.wikipedia.org\/wiki\/Kengo_Wa_Dondo\" rel=\"wikipedia\">Kengo Wa Dondo<\/a>, <a title=\"Antipas Mbusa Nyamwisi\" href=\"http:\/\/en.wikipedia.org\/wiki\/Antipas_Mbusa_Nyamwisi\" rel=\"wikipedia\">Mbusa Nyamwisi<\/a> et Adam Bombole, trois candidats malheureux \u00e0 l\u2019\u00e9lection pr\u00e9sidentielle congolaise du 28 novembre 2011 ont fait une d\u00e9claration conjointe mardi, invitant le pr\u00e9sident Joseph Kabila \u00e0 convoquer une table ronde, avant la publication des r\u00e9sultats d\u00e9finis des \u00e9lections l\u00e9gislatives, pour notamment discuter de la question de validation ou d\u2019invalidation des r\u00e9sultats de la pr\u00e9sidentielle.<\/p>\n<p>Les trois personnalit\u00e9s ont salu\u00e9 le rapport des \u00e9v\u00eaques de la Conf\u00e9rence \u00e9piscopale nationale du Congo (<a title=\"Central Scientific Company\" href=\"http:\/\/en.wikipedia.org\/wiki\/Central_Scientific_Company\" rel=\"wikipedia\">CENCO<\/a>) et a indiqu\u00e9 que la table ronde abordera \u00e9galement plusieurs questions, notamment les principes moteurs d\u2019une r\u00e9organisation de la Commission \u00e9lectorale nationale ind\u00e9pendante (CENI), le nouveau calendrier \u00e9lectoral.<\/p>\n<p>Cette d\u00e9claration\u00a0de Kengo et CO, est une proposition d\u00e9j\u00e0 avanc\u00e9e par l\u2019ONG la \u201d <a title=\"La voix\" href=\"http:\/\/en.wikipedia.org\/wiki\/La_voix\" rel=\"wikipedia\">La Voix<\/a> de Sans Voix\u201d.<\/p>\n<p>La Voix des Sans-Voix demandait\u00a0\u00a0un nouveau processus \u00e9lectoral dans des d\u00e9lais raisonnables. \u00ab <em>L\u2019organisation d\u2019\u00e9lections cr\u00e9dibles sous la supervision de nouveaux animateurs impartiaux de la C\u00e9ni et la certification des r\u00e9sultats par la communaut\u00e9 internationale<\/em> \u00bb, avait pr\u00e9cis\u00e9\u00a0Rostin Manketa.<\/p>\n<p>En r\u00e9action \u00e0 cette initiative, l\u2019<a title=\"Union for Democracy and Social Progress (Democratic Republic of the Congo)\" href=\"http:\/\/www.udps.org\/\" rel=\"homepage\">Union pour la d\u00e9mocratie et le progr\u00e8s social<\/a> (UDPS, opposition), dirig\u00e9e par \u00c9tienne Tshisekedi, estime que la question de validation et d\u2019invalidation des r\u00e9sultats de la pr\u00e9sidentielle du 28 novembre 2011 n\u2019est plus \u00e0 l\u2019ordre du jour.<\/p>\n<p>Toute r\u00e9flexion doit tourner autour de la victoire d\u2019Etienne Tshisekedi qui a \u00e9t\u00e9 \u00e9lu par la majorit\u00e9 de la population\u201d, a soulign\u00e9 Serge Mayamba, secr\u00e9taire national de l\u2019UDPS charg\u00e9 des relations avec les partis, tout en admettant que le dialogue a une valeur.<\/p>\n<p>La majorit\u00e9 pr\u00e9sidentielle, la famille politique du pr\u00e9sident sortant Joseph Kabila, fait de la sourde oreille. \u201cA l\u2019heure actuelle, la Cour supr\u00eame de justice avait d\u00e9j\u00e0 tranch\u00e9,rien ne va trancher cette d\u00e9cision. Ce dossier est donc clos\u201d, a affirm\u00e9 <a title=\"Christophe Lutundula\" href=\"http:\/\/en.wikipedia.org\/wiki\/Christophe_Lutundula\" rel=\"wikipedia\">Christophe Lutundula<\/a>, membre de la majorit\u00e9, appelant \u00e0 \u00e9viter les d\u00e9marches qui pr\u00eatent \u00e0 \u00e9quivoquer.<\/p>\n<p>M. Reynders,\u00a0le vice-Premier ministre et ministre belge des Affaires \u00e9trang\u00e8res,\u00a0a pr\u00e9sent\u00e9, entre autres, la position de Bruxelles sur le dossier de la RDCongo \u00e0 cette occasion.<\/p>\n<p>La Belgique souhaite qu\u2019une \u201cnouvelle Assembl\u00e9e dans de meilleures conditions de compilation des r\u00e9sultats de l\u2019\u00e9lection pr\u00e9sidentielle\u201d soit install\u00e9e \u00e0 Kinshasa pour rassembler l\u2019ensemble des acteurs et que lors des prochaines \u00e9lections locales, le processus se d\u00e9roule mieux pour le d\u00e9pouillement, a d\u00e9clar\u00e9 M. Reynders.<\/p>\n<p>L\u2019\u00e9glise catholique de Kinshasa, les ONG de d\u00e9fense de droit de l\u2019homme et l\u2019UDPS rejettent, en bloc, la proposition de la Belgique.<\/p>\n<p>Quel d\u00e9nouement?<\/p>\n<p>Pris en sandwich dans un processus \u00e9lectoral chaotique, entre le pouvoir s\u00e9curitocrate de Joseph Kabila et les espoirs de M. \u00c9tienne Tshisekedi, mais aussi entre l\u2019hyst\u00e9rie, l\u2019avidit\u00e9, l\u2019\u00e9go\u00efsme des acteurs politiques Congolais et le bien \u00eatre d\u2019un peuple assujetti \u00e1 la mis\u00e8re, \u00e1 la pauvret\u00e9, le peuple congolais ne sait plus \u00e1 quel saint se tourner.<\/p>\n<p>L\u2019inactivit\u00e9, le silence de la communaut\u00e9 internationale trahie une position\u00a0de complice, au plus grand dam du peuple congolais. Les doutes d\u2019un avenir radieux fr\u00e9missent la r\u00e9sistance.<\/p>\n<p>La crise post-\u00e9lectorale en R\u00e9publique d\u00e9mocratique du Congo est porteuse d\u2019une pr\u00e9carit\u00e9, d\u2019une incertitude, d\u2019une descente en enfer dont les analystes\u00a0politiques ignorent le genre, la nature, le d\u00e9nouement.<\/p>\n<p>&nbsp;<\/p>\n<p><strong>Par Guylain Gustave Moke<\/strong>\t\t<\/p>\n","protected":false},"excerpt":{"rendered":"<p>Par Guylain Gustave Moke. La crise post-\u00e9lectorale au Congo est bien sur une descente en enfer. Le chaos caus\u00e9 par l\u2019\u00e9chec logistique et organisationnel de double scrutin, pr\u00e9sidentiel et l\u00e9gislatif,\u00a0 force la R\u00e9publique d\u00e9mocratique du Congo au rythme d\u2019un Tour de Babel politique. L\u2019arriv\u00e9e des experts \u00e9trangers en R\u00e9publique d\u00e9mocratique du Congo (RDC), le 05 [&hellip;]<\/p>\n","protected":false},"author":1,"featured_media":1393,"comment_status":"open","ping_status":"open","sticky":false,"template":"","format":"standard","meta":{"_acf_changed":false,"content-type":"","footnotes":""},"categories":[107,122,124],"tags":[],"class_list":["post-1392","post","type-post","status-publish","format-standard","has-post-thumbnail","hentry","category-analyses-commentaires","category-news-alertes","category-politique-societe"],"acf":[],"_links":{"self":[{"href":"https:\/\/congolobilelo.com\/IN\/wp-json\/wp\/v2\/posts\/1392","targetHints":{"allow":["GET"]}}],"collection":[{"href":"https:\/\/congolobilelo.com\/IN\/wp-json\/wp\/v2\/posts"}],"about":[{"href":"https:\/\/congolobilelo.com\/IN\/wp-json\/wp\/v2\/types\/post"}],"author":[{"embeddable":true,"href":"https:\/\/congolobilelo.com\/IN\/wp-json\/wp\/v2\/users\/1"}],"replies":[{"embeddable":true,"href":"https:\/\/congolobilelo.com\/IN\/wp-json\/wp\/v2\/comments?post=1392"}],"version-history":[{"count":0,"href":"https:\/\/congolobilelo.com\/IN\/wp-json\/wp\/v2\/posts\/1392\/revisions"}],"wp:featuredmedia":[{"embeddable":true,"href":"https:\/\/congolobilelo.com\/IN\/wp-json\/"}],"wp:attachment":[{"href":"https:\/\/congolobilelo.com\/IN\/wp-json\/wp\/v2\/media?parent=1392"}],"wp:term":[{"taxonomy":"category","embeddable":true,"href":"https:\/\/congolobilelo.com\/IN\/wp-json\/wp\/v2\/categories?post=1392"},{"taxonomy":"post_tag","embeddable":true,"href":"https:\/\/congolobilelo.com\/IN\/wp-json\/wp\/v2\/tags?post=1392"}],"curies":[{"name":"wp","href":"https:\/\/api.w.org\/{rel}","templated":true}]}}