{"id":1357,"date":"2012-01-18T08:14:31","date_gmt":"2012-01-18T08:14:31","guid":{"rendered":"http:\/\/www.ingeta.com\/?p=1357"},"modified":"2012-01-18T08:14:31","modified_gmt":"2012-01-18T08:14:31","slug":"au-nom-du-congo-zaire-enfin-une-nouvelle-ambition-pour-le-congo-zaire","status":"publish","type":"post","link":"https:\/\/congolobilelo.com\/IN\/au-nom-du-congo-zaire-enfin-une-nouvelle-ambition-pour-le-congo-zaire\/","title":{"rendered":"\u00ab Au nom du Congo Za\u00efre \u00bb : enfin une nouvelle ambition pour le Congo Za\u00efre"},"content":{"rendered":"<p>\t\t\t\t<strong>Dans cet ouvrage <a href=\"http:\/\/www.boyengabofala.com\">Fr\u00e9d\u00e9ric Boyenga Bofala<\/a> expose une nouvelle vision ambitieuse que nous estimons dynamique et parfaitement adapt\u00e9e \u00e0 la situation chaotique de la RDC*. <\/strong><\/p>\n<p><img loading=\"lazy\" decoding=\"async\" class=\"alignnone  wp-image-1358\" title=\"Au_nom_du_congo_zaire\" src=\"http:\/\/www.ingeta.com\/wp-content\/uploads\/2012\/01\/au_nom_du_congo_zaire.jpg\" alt=\"\" width=\"520\" height=\"200\" \/><\/p>\n<p>Dans ce pays comme partout ailleurs, les crises politiques majeures sont souvent le terreau fertile propice \u00e0 l\u2019\u00e9mergence et \u00e0 l\u2019affirmation de personnages aux qualit\u00e9s singuli\u00e8res et pr\u00e9destin\u00e9es. Tel fut le cas du G\u00e9n\u00e9ral de Gaulle, \u00a0d\u2019Atat\u00fcrk, de Gandhi, de Lumumba ou encore de Nelson Mandela. L\u2019histoire est abondante. Le point commun entre ces hommes\u00a0: ils \u00e9taient tous porteurs dans un contexte de crise profonde, d\u2019un projet de soci\u00e9t\u00e9, d\u2019une vision claire et d\u2019une ambition \u00e9mancipatrice pour leur pays.<\/p>\n<p>En RDC, le fiasco \u00e9lectoral a cr\u00e9\u00e9 une crise de l\u00e9gitimit\u00e9 d\u00e9mocratique qui, en l\u2019\u00e9tat des parties en pr\u00e9sence, semble inextricable si ce n\u2019est au prix d\u2019un lourd bain de sang dont l\u2019issue elle-m\u00eame serait trop al\u00e9atoire pour l\u2019avenir du pays. Cette v\u00e9ritable crise existentielle appara\u00eet avant tout comme une crise de confiance \u00e0 l\u2019\u00e9gard des \u00e9lites politiques qui se sont toutes compromises et enferm\u00e9es dans un processus \u00e9lectoral sans perspective et sans espoir.<\/p>\n<p>Or, dans un tel contexte de blocage, il s\u2019agit de ne pas c\u00e9der \u00e0 la panique ni de d\u00e9sesp\u00e9rer. Il est encore permis selon nous de croire qu\u2019au Congo, une nouvelle race d\u2019hommes politiques peut \u00e9merger, capable de sortir ce pays de l\u2019ab\u00eeme o\u00f9 il a sombr\u00e9, de conjurer les p\u00e9rils majeures qui le menacent et de le conduire vers la splendeur d\u2019une destin\u00e9e toujours esp\u00e9r\u00e9e sans cesse fuyante et jamais r\u00e9alis\u00e9e.<\/p>\n<p>Nous sommes d\u2019avis que les congolais, comme tous les autres peuples pouss\u00e9s par l\u2019instinct de la survie, doivent ouvrir les yeux et scruter de nouveaux horizons, chercher ces nouveaux acteurs, ces nouvelles solutions, ces nouveaux projets mobilisateurs qui cultivent avec r\u00e9alisme l\u2019unit\u00e9 et le patriotisme, sans peur des remises en question. En politique, comme ailleurs, il n\u2019y a \u00e0 cet \u00e9gard pas de place pour le mison\u00e9isme. Il faut chercher le souffle nouveau, l\u2019expression d\u2019une conscience qui ose s\u2019affirmer comme porteuse d\u2019espoir et d\u2019esp\u00e9rance et qu\u2019il y a tout \u00e0 gagner \u00e0 laisser s\u2019exprimer avec force.<\/p>\n<p>Mais qui chercher\u00a0? Vers qui tourner notre regard\u00a0? Comme le disait Jacques Attali (\u00ab\u00a0<em>C\u2019\u00e9tait Fran\u00e7ois Mitterand<\/em>\u00a0\u00bb, Fayard 2005, p.9), pr\u00e9sider une R\u00e9publique (comme le Congo) ne s\u2019improvise pas. Il faut une connaissance approfondie du pays, une passion pour ses habitants, des comp\u00e9tences administratives et juridiques exceptionnelles, une analyse rigoureuse des enjeux strat\u00e9giques du temps, une consid\u00e9rable capacit\u00e9 de travail, une grande ma\u00eetrise de soi, une facult\u00e9 d\u2019anticipation, quelques rep\u00e8res moraux, une disposition \u00e0 reconna\u00eetre ses erreurs et \u00e0 changer d\u2019avis\u00a0; enfin et peut-\u00eatre surtout une vision du pays et du monde, et un projet suffisamment fort pour se permettre d\u2019\u00eatre indiff\u00e9rent aux critiques en acceptant, si n\u00e9cessaire, une impopularit\u00e9 m\u00eame provisoire.<\/p>\n<p>Les Congolais doivent d\u00e9sormais appuyer leurs espoirs sur un homme porteur d\u2019un projet nouveau et qui r\u00e9pond le plus possible \u00e0 ce profil et \u00e0 leurs aspirations l\u00e9gitimes. C\u2019est ce que notre r\u00e9daction a f\u00e9brilement cherch\u00e9 \u00e0 faire sans rel\u00e2che durant ces derniers mois.<\/p>\n<p>La lecture du dernier ouvrage \u00e9crit par Fr\u00e9d\u00e9ric Boyenga Bofala, semble nous apporter un d\u00e9but de r\u00e9ponse et de solution \u00e0 nos troublantes craintes pour l\u2019avenir du Congo.<\/p>\n<p>Fr\u00e9d\u00e9ric Boyenga Bofala ne fait pas partie de ces personnalit\u00e9s politiques qu\u2019il n\u2019est plus n\u00e9cessaire de pr\u00e9senter au Congolais et au monde. Dans son ouvrage, l\u2019homme nous livre sans compromis ni compromission le fruit de sa r\u00e9flexion de pr\u00e8s 10 ans d\u2019engagement politique dans ce qu\u2019il nomme la r\u00e9sistance congolaise face au r\u00e9gime de Joseph Kabila. Il s\u2019agit enfin d\u2019une extraordinaire le\u00e7on de lucidit\u00e9, de maturit\u00e9 et de compassion humaine dont l\u2019\u00e9pitaphe r\u00e9dig\u00e9e en m\u00e9moire des morts congolais r\u00e9sonne comme une onde de choc dans nos c\u0153urs et nos consciences.<\/p>\n<p>Tout comme nos confr\u00e8res du Potentiel qui ont salu\u00e9 \u00e9galement la sortie de cet ouvrage et l\u2019\u00e9mergence de cette nouvelle personnalit\u00e9 sur l\u2019\u00e9chiquier politique congolais dans leur article du 21 novembre 2011 ( <a href=\"http:\/\/www.lepotentiel.com\/afficher_article.php?id_edition=&amp;id_article=117660\" rel=\"nofollow noopener\" target=\"_blank\">http:\/\/www.lepotentiel.com\/afficher_article.php?id_edition=&amp;id_article=117660<\/a> ), notre r\u00e9daction a entre autres choses vivement appr\u00e9ci\u00e9 la proposition en trois volets \u00e0 la fois pertinente, d\u00e9taill\u00e9e et parfaitement adapt\u00e9e \u00e0 la situation congolaise expos\u00e9e dans cet ouvrage.<\/p>\n<p>En effet, apr\u00e8s s\u2019\u00eatre pos\u00e9 d\u2019embl\u00e9e la question de savoir si la R\u00e9publique d\u00e9mocratique du Congo est vraiment condamn\u00e9e au d\u00e9clin politique, ou m\u00eame \u00e0 sa disposition programm\u00e9e, Fr\u00e9deric Boyenga, expose ensuite un projet sur la stabilisation politique et s\u00e9curitaire du Congo : condition sine qua non pour sa reconstruction. Ce docteur en droit international et europ\u00e9en n\u2019a pas cherch\u00e9 \u00e0 retrouver tous les probl\u00e8mes qui emp\u00eachent le Congo \u00e0 retrouver sa stabilit\u00e9 afin de pouvoir amorcer sa reconstruction. Il a plut\u00f4t choisi les th\u00e8mes qui lui ont paru fondamentaux pour \u00e9clairer la r\u00e9alit\u00e9 actuelle, fixer des rep\u00e8res et esquisser des solutions. Ces th\u00e8mes sont au nombre de trois.<\/p>\n<p>Le premier th\u00e8me traite de la mise en place d\u2019un processus viable de stabilisation politique et d\u2019\u00e9mancipation d\u00e9mocratique, \u00e9conomique et sociale en R\u00e9publique d\u00e9mocratique du Congo ; le deuxi\u00e8me est relatif au r\u00e8glement d\u00e9finitif de la crise des Grands Lacs pour le r\u00e9tablissement et le maintien de la paix et de la s\u00e9curit\u00e9 dans la sous r\u00e9gion, la pacification totale et la stabilisation du Congo. Enfin, le troisi\u00e8me concerne la relance du processus global de l\u2019int\u00e9gration r\u00e9gionale. Ici, Fr\u00e9deric Boyenga Bofala formule des propositions pour la mise en place d\u2019un partenariat conf\u00e9d\u00e9ral r\u00e9gional. Ces trois th\u00e8mes sont li\u00e9s entre eux et forment un Acte unique contenu dans un plan quinquennal sur la stabilisation du Congo Za\u00efre qu\u2019il propose au peuple congolais.<\/p>\n<p>Avec ces propositions rafra\u00eechissantes, nous esp\u00e9rons avec enthousiasme que le peuple congolais si durement \u00e9prouv\u00e9 par l\u2019histoire, retrouvera enfin la stabilit\u00e9, la s\u00e9curit\u00e9 et l\u2019espoir du d\u00e9veloppement. Il ne tient qu\u2019\u00e0 lui de choisir son destin en se dotant enfin d\u2019une g\u00e9n\u00e9ration d\u2019hommes politiques dignes et \u00e0 la hauteur de ses esp\u00e9rances.<\/p>\n<p>Congolaise, Congolais, ne perdez pas l\u2019espoir. Garder le courage et rester clairvoyants. L\u2019avenir du Congo n\u2019est qu\u2019entre vos mains. Donnez vous en les moyens.<\/p>\n<p>&nbsp;<\/p>\n<p><em><strong>Par LUKOJI ILUNGA &amp; ALBAN KEFLER .<\/strong><\/em><\/p>\n<p>* l\u2019ouvrage est notamment consultable sur le site de l\u2019auteur\u00a0: \u00a0\u00a0<a href=\"http:\/\/www.boyengabofala.com\/\" rel=\"nofollow noopener\" target=\"_blank\">www.boyengabofala.com<\/a>\t\t<\/p>\n","protected":false},"excerpt":{"rendered":"<p>Dans cet ouvrage Fr\u00e9d\u00e9ric Boyenga Bofala expose une nouvelle vision ambitieuse que nous estimons dynamique et parfaitement adapt\u00e9e \u00e0 la situation chaotique de la RDC*. Dans ce pays comme partout ailleurs, les crises politiques majeures sont souvent le terreau fertile propice \u00e0 l\u2019\u00e9mergence et \u00e0 l\u2019affirmation de personnages aux qualit\u00e9s singuli\u00e8res et pr\u00e9destin\u00e9es. Tel fut [&hellip;]<\/p>\n","protected":false},"author":1,"featured_media":1359,"comment_status":"open","ping_status":"open","sticky":false,"template":"","format":"standard","meta":{"_acf_changed":false,"content-type":"","footnotes":""},"categories":[107,148,124],"tags":[],"class_list":["post-1357","post","type-post","status-publish","format-standard","has-post-thumbnail","hentry","category-analyses-commentaires","category-documents-presse","category-politique-societe"],"acf":[],"_links":{"self":[{"href":"https:\/\/congolobilelo.com\/IN\/wp-json\/wp\/v2\/posts\/1357","targetHints":{"allow":["GET"]}}],"collection":[{"href":"https:\/\/congolobilelo.com\/IN\/wp-json\/wp\/v2\/posts"}],"about":[{"href":"https:\/\/congolobilelo.com\/IN\/wp-json\/wp\/v2\/types\/post"}],"author":[{"embeddable":true,"href":"https:\/\/congolobilelo.com\/IN\/wp-json\/wp\/v2\/users\/1"}],"replies":[{"embeddable":true,"href":"https:\/\/congolobilelo.com\/IN\/wp-json\/wp\/v2\/comments?post=1357"}],"version-history":[{"count":0,"href":"https:\/\/congolobilelo.com\/IN\/wp-json\/wp\/v2\/posts\/1357\/revisions"}],"wp:featuredmedia":[{"embeddable":true,"href":"https:\/\/congolobilelo.com\/IN\/wp-json\/"}],"wp:attachment":[{"href":"https:\/\/congolobilelo.com\/IN\/wp-json\/wp\/v2\/media?parent=1357"}],"wp:term":[{"taxonomy":"category","embeddable":true,"href":"https:\/\/congolobilelo.com\/IN\/wp-json\/wp\/v2\/categories?post=1357"},{"taxonomy":"post_tag","embeddable":true,"href":"https:\/\/congolobilelo.com\/IN\/wp-json\/wp\/v2\/tags?post=1357"}],"curies":[{"name":"wp","href":"https:\/\/api.w.org\/{rel}","templated":true}]}}