{"id":1346,"date":"2012-01-18T07:16:02","date_gmt":"2012-01-18T07:16:02","guid":{"rendered":"http:\/\/www.ingeta.com\/?p=1346"},"modified":"2012-01-18T07:16:02","modified_gmt":"2012-01-18T07:16:02","slug":"suisse-manifestation-congolaise-contre-metalor","status":"publish","type":"post","link":"https:\/\/congolobilelo.com\/IN\/suisse-manifestation-congolaise-contre-metalor\/","title":{"rendered":"Suisse: Manifestation congolaise contre Metalor"},"content":{"rendered":"<p>\t\t\t\tSource: <a href=\"http:\/\/www.rtn.ch\/rtn\/Actualites\/Regionale\/20120117-Manifestation-congolaise-contre-Metalor.html\">RTN<\/a>.<\/p>\n<p><img loading=\"lazy\" decoding=\"async\" class=\"alignnone  wp-image-1330\" title=\"Metalor\" src=\"http:\/\/www.ingeta.com\/wp-content\/uploads\/2012\/01\/Metalor.jpg\" alt=\"\" width=\"500\" height=\"325\" \/><\/p>\n<p><em>Metalor complice du g\u00e9nocide en R\u00e9publique d\u00e9mocratique du Congo. <\/em>C\u2019est l\u2019un des slogans scand\u00e9s par la quarantaine de Congolais qui\u00a0a manifest\u00e9\u00a0mardi apr\u00e8s-midi devant le site de Metalor, \u00e0 Neuch\u00e2tel.<\/p>\n<p>Les manifestants accusent l\u2019entreprise suisse, sp\u00e9cialis\u00e9e dans l\u2019affinage de m\u00e9taux pr\u00e9cieux, de participer au pillage des mines congolaises. Les protestataires d\u00e9noncent les conditions de travail inacceptables pour les mineurs et l\u2019impact environnemental de l\u2019extraction mini\u00e8re.<\/p>\n<p>Ils ajoutent que les b\u00e9n\u00e9fices du commerce servent \u00e0 financer des groupes rebelles qui s\u00e8ment la terreur dans le pays. Ils d\u00e9noncent \u00e9galement la complicit\u00e9 du pr\u00e9sident Joseph Kabila. Ce dernier a \u00e9t\u00e9 r\u00e9\u00e9lu en d\u00e9cembre, au d\u00e9triment de son opposant Etienne Tshisekedi.\u00a0Des soup\u00e7ons de fraudes planent sur ce scrutin controvers\u00e9.<\/p>\n<p>De son c\u00f4t\u00e9, l\u2019entreprise Metalor indique ne\u00a0pas faire de commerce avec la R\u00e9publique d\u00e9mocratique du Congo. Elle ajoute que des codes \u00e9thiques sont en place au sein du groupe.\u00a0Ceux-ci doivent permettre \u00e0 Metalor de contr\u00f4ler la provenance des m\u00e9taux. \/sbe\t\t<\/p>\n","protected":false},"excerpt":{"rendered":"<p>Source: RTN. Metalor complice du g\u00e9nocide en R\u00e9publique d\u00e9mocratique du Congo. C\u2019est l\u2019un des slogans scand\u00e9s par la quarantaine de Congolais qui\u00a0a manifest\u00e9\u00a0mardi apr\u00e8s-midi devant le site de Metalor, \u00e0 Neuch\u00e2tel. Les manifestants accusent l\u2019entreprise suisse, sp\u00e9cialis\u00e9e dans l\u2019affinage de m\u00e9taux pr\u00e9cieux, de participer au pillage des mines congolaises. Les protestataires d\u00e9noncent les conditions de [&hellip;]<\/p>\n","protected":false},"author":1,"featured_media":1330,"comment_status":"open","ping_status":"open","sticky":false,"template":"","format":"standard","meta":{"_acf_changed":false,"content-type":"","footnotes":""},"categories":[150,116,122],"tags":[],"class_list":["post-1346","post","type-post","status-publish","format-standard","has-post-thumbnail","hentry","category-economie-entreprises","category-manifs","category-news-alertes"],"acf":[],"_links":{"self":[{"href":"https:\/\/congolobilelo.com\/IN\/wp-json\/wp\/v2\/posts\/1346","targetHints":{"allow":["GET"]}}],"collection":[{"href":"https:\/\/congolobilelo.com\/IN\/wp-json\/wp\/v2\/posts"}],"about":[{"href":"https:\/\/congolobilelo.com\/IN\/wp-json\/wp\/v2\/types\/post"}],"author":[{"embeddable":true,"href":"https:\/\/congolobilelo.com\/IN\/wp-json\/wp\/v2\/users\/1"}],"replies":[{"embeddable":true,"href":"https:\/\/congolobilelo.com\/IN\/wp-json\/wp\/v2\/comments?post=1346"}],"version-history":[{"count":0,"href":"https:\/\/congolobilelo.com\/IN\/wp-json\/wp\/v2\/posts\/1346\/revisions"}],"wp:featuredmedia":[{"embeddable":true,"href":"https:\/\/congolobilelo.com\/IN\/wp-json\/"}],"wp:attachment":[{"href":"https:\/\/congolobilelo.com\/IN\/wp-json\/wp\/v2\/media?parent=1346"}],"wp:term":[{"taxonomy":"category","embeddable":true,"href":"https:\/\/congolobilelo.com\/IN\/wp-json\/wp\/v2\/categories?post=1346"},{"taxonomy":"post_tag","embeddable":true,"href":"https:\/\/congolobilelo.com\/IN\/wp-json\/wp\/v2\/tags?post=1346"}],"curies":[{"name":"wp","href":"https:\/\/api.w.org\/{rel}","templated":true}]}}