{"id":1333,"date":"2012-01-18T06:39:45","date_gmt":"2012-01-18T06:39:45","guid":{"rendered":"http:\/\/www.ingeta.com\/?p=1333"},"modified":"2012-01-18T06:39:45","modified_gmt":"2012-01-18T06:39:45","slug":"eva-brems-vous-avez-abandonne-les-congolais","status":"publish","type":"post","link":"https:\/\/congolobilelo.com\/IN\/eva-brems-vous-avez-abandonne-les-congolais\/","title":{"rendered":"Eva Brems: &#8221;Vous avez\ufeff abandonn\u00e9 les congolais&#8221;"},"content":{"rendered":"<p>\t\t\t\tEva Brems, d\u00e9put\u00e9e f\u00e9d\u00e9rale, interpelle le premier ministre belge, Elio Di Rupo au parlement belge sur sa lettre de f\u00e9licitation adress\u00e9e \u00e0 Joseph Kabila, le 12 janvier dernier. Vous trouverez ci-dessous l&#8217;intervention en vid\u00e9o puis la traduction en fran\u00e7ais.<\/p>\n<p><iframe loading=\"lazy\" width=\"560\" height=\"315\" src=\"http:\/\/www.youtube.com\/embed\/2dkd_unCOCI\" frameborder=\"0\" allowfullscreen><\/iframe><\/p>\n<p>Eva Brems: &#8220;En ce moment au Congo comme en dehors du Congo,on se pose des questions sur la l\u00e9gitimit\u00e9 et la cr\u00e9dibilit\u00e9 des r\u00e9sultats des \u00e9l\u00e9ctions. Dans ce contexte, vous \u00e9crivez une lettre. Vous pouvez l&#8217;\u00e9crire aussi courte que vous voulez, peser vos mots mais si vous placez les mots \u00e9l\u00e9ctions et f\u00e9licitations dans la meme lettre, vous savez bien et vous devez bien savoir que ceci pourrait et sera utiliser pour l\u00e9gitimer ( le r\u00e9gime ) de Kabila. En Russie, Mr. le premier, tout le monde sait ce que pense la belgique des \u00e9l\u00e9ctions frauduleuses. Au Congo, ce n&#8217;est pas le cas et c&#8217;est pour \u00e7a qu&#8217;avec votre \u00e9norme erreur diplomatique vous avez laiss\u00e9 tomber les congolais&#8221;.\t\t<\/p>\n","protected":false},"excerpt":{"rendered":"<p>Eva Brems, d\u00e9put\u00e9e f\u00e9d\u00e9rale, interpelle le premier ministre belge, Elio Di Rupo au parlement belge sur sa lettre de f\u00e9licitation adress\u00e9e \u00e0 Joseph Kabila, le 12 janvier dernier. Vous trouverez ci-dessous l&#8217;intervention en vid\u00e9o puis la traduction en fran\u00e7ais. Eva Brems: &#8220;En ce moment au Congo comme en dehors du Congo,on se pose des questions [&hellip;]<\/p>\n","protected":false},"author":1,"featured_media":1334,"comment_status":"open","ping_status":"open","sticky":false,"template":"","format":"standard","meta":{"_acf_changed":false,"content-type":"","footnotes":""},"categories":[122,124],"tags":[],"class_list":["post-1333","post","type-post","status-publish","format-standard","has-post-thumbnail","hentry","category-news-alertes","category-politique-societe"],"acf":[],"_links":{"self":[{"href":"https:\/\/congolobilelo.com\/IN\/wp-json\/wp\/v2\/posts\/1333","targetHints":{"allow":["GET"]}}],"collection":[{"href":"https:\/\/congolobilelo.com\/IN\/wp-json\/wp\/v2\/posts"}],"about":[{"href":"https:\/\/congolobilelo.com\/IN\/wp-json\/wp\/v2\/types\/post"}],"author":[{"embeddable":true,"href":"https:\/\/congolobilelo.com\/IN\/wp-json\/wp\/v2\/users\/1"}],"replies":[{"embeddable":true,"href":"https:\/\/congolobilelo.com\/IN\/wp-json\/wp\/v2\/comments?post=1333"}],"version-history":[{"count":0,"href":"https:\/\/congolobilelo.com\/IN\/wp-json\/wp\/v2\/posts\/1333\/revisions"}],"wp:featuredmedia":[{"embeddable":true,"href":"https:\/\/congolobilelo.com\/IN\/wp-json\/"}],"wp:attachment":[{"href":"https:\/\/congolobilelo.com\/IN\/wp-json\/wp\/v2\/media?parent=1333"}],"wp:term":[{"taxonomy":"category","embeddable":true,"href":"https:\/\/congolobilelo.com\/IN\/wp-json\/wp\/v2\/categories?post=1333"},{"taxonomy":"post_tag","embeddable":true,"href":"https:\/\/congolobilelo.com\/IN\/wp-json\/wp\/v2\/tags?post=1333"}],"curies":[{"name":"wp","href":"https:\/\/api.w.org\/{rel}","templated":true}]}}