{"id":1311,"date":"2012-01-17T08:51:04","date_gmt":"2012-01-17T08:51:04","guid":{"rendered":"http:\/\/www.ingeta.com\/?p=1311"},"modified":"2012-01-17T08:51:04","modified_gmt":"2012-01-17T08:51:04","slug":"declaration-de-me-marie-therese-nlandu-de-congo-pax","status":"publish","type":"post","link":"https:\/\/congolobilelo.com\/IN\/declaration-de-me-marie-therese-nlandu-de-congo-pax\/","title":{"rendered":"D\u00e9claration de Me Marie-Therese Nlandu de Congo Pax"},"content":{"rendered":"<p>\t\t\t\t<strong><img loading=\"lazy\" decoding=\"async\" class=\"alignleft size-full wp-image-1315\" title=\"MTN\" src=\"http:\/\/www.ingeta.com\/wp-content\/uploads\/2012\/01\/MTN.jpg\" alt=\"\" width=\"122\" height=\"172\" \/>Marie-Th\u00e9r\u00e8se Nlandu est une personnalit\u00e9 politique de la R\u00e9publique d\u00e9mocratique du Congo. Premi\u00e8re femme directrice de cabinet du premier ministre, sous le gouvernement de Nguza Karl-i-Bond, elle est aujourd&#8217;hui avocate de droits de la personne, des pauvres et des opprim\u00e9s mais \u00e9galement pr\u00e9sidente du Parti pour la Paix au Congo\/Pax Congo.<\/strong><\/p>\n<p><em>&#8220;La premi\u00e8re ind\u00e9pendance a \u00e9t\u00e9 simplement nominale.C&#8217;est maintenant l&#8217;heure de la deuxi\u00e8me ind\u00e9pendance: celle pour le peuple congolais de penser librement, d&#8217;agir librement, d&#8217;aller et venir librement, de d\u00e9velopper librement le pays, le tout dans le respect des droits national et international&#8221;<\/em> d\u00e9clare Marie-Therese Nlandu, dans cette intervention vid\u00e9o.<\/p>\n<p>&nbsp;<\/p>\n<p><iframe loading=\"lazy\" src=\"http:\/\/www.youtube.com\/embed\/x9Kt5LiRM4M\" frameborder=\"0\" width=\"480\" height=\"360\"><\/iframe><\/p>\n<p>Un groupe d&#8217;officiers des forces arm\u00e9es de la RDC (FARDC) a contact\u00e9 Ma\u00eetre Marie-Th\u00e9r\u00e8se Nlandu en sa qualit\u00e9 d&#8217;avocat des droits humains et d&#8217;initiatrice, en 2010, de la demande d&#8217;ouverture d&#8217;enqu\u00eate criminelle \u00e0 charge de Joseph Kabila. Face au p\u00e9ril de la nation et faisant recours \u00e0 l&#8217;article 64 de la constitution congolaise, les officiers et soldats ont refus\u00e9 de continuer \u00e0 ob\u00e9ir \u00e0 des ordres manifestement injustes et ill\u00e9gaux, et anti-constitutionnels. C&#8217;est ainsi qu&#8217;au nom de la justice et la paix, ils se sont au d\u00e9part, rassembl\u00e9s sous le sigle de RPC (R\u00e9sistance du Peuple Congolais). Par la suite, compte tenu du travail entrepris de protection, de sensibilisation et de prise en charge des populations traumatis\u00e9es, le groupe est d\u00e9nomm\u00e9 actuellement \u00ab Forces du Droit pour la d\u00e9fense des Citoyens, en sigle, FDDC \u00bb.\t\t<\/p>\n","protected":false},"excerpt":{"rendered":"<p>Marie-Th\u00e9r\u00e8se Nlandu est une personnalit\u00e9 politique de la R\u00e9publique d\u00e9mocratique du Congo. Premi\u00e8re femme directrice de cabinet du premier ministre, sous le gouvernement de Nguza Karl-i-Bond, elle est aujourd&#8217;hui avocate de droits de la personne, des pauvres et des opprim\u00e9s mais \u00e9galement pr\u00e9sidente du Parti pour la Paix au Congo\/Pax Congo. &#8220;La premi\u00e8re ind\u00e9pendance a [&hellip;]<\/p>\n","protected":false},"author":1,"featured_media":1312,"comment_status":"open","ping_status":"open","sticky":false,"template":"","format":"standard","meta":{"_acf_changed":false,"content-type":"","footnotes":""},"categories":[107,148,122,124],"tags":[],"class_list":["post-1311","post","type-post","status-publish","format-standard","has-post-thumbnail","hentry","category-analyses-commentaires","category-documents-presse","category-news-alertes","category-politique-societe"],"acf":[],"_links":{"self":[{"href":"https:\/\/congolobilelo.com\/IN\/wp-json\/wp\/v2\/posts\/1311","targetHints":{"allow":["GET"]}}],"collection":[{"href":"https:\/\/congolobilelo.com\/IN\/wp-json\/wp\/v2\/posts"}],"about":[{"href":"https:\/\/congolobilelo.com\/IN\/wp-json\/wp\/v2\/types\/post"}],"author":[{"embeddable":true,"href":"https:\/\/congolobilelo.com\/IN\/wp-json\/wp\/v2\/users\/1"}],"replies":[{"embeddable":true,"href":"https:\/\/congolobilelo.com\/IN\/wp-json\/wp\/v2\/comments?post=1311"}],"version-history":[{"count":0,"href":"https:\/\/congolobilelo.com\/IN\/wp-json\/wp\/v2\/posts\/1311\/revisions"}],"wp:featuredmedia":[{"embeddable":true,"href":"https:\/\/congolobilelo.com\/IN\/wp-json\/"}],"wp:attachment":[{"href":"https:\/\/congolobilelo.com\/IN\/wp-json\/wp\/v2\/media?parent=1311"}],"wp:term":[{"taxonomy":"category","embeddable":true,"href":"https:\/\/congolobilelo.com\/IN\/wp-json\/wp\/v2\/categories?post=1311"},{"taxonomy":"post_tag","embeddable":true,"href":"https:\/\/congolobilelo.com\/IN\/wp-json\/wp\/v2\/tags?post=1311"}],"curies":[{"name":"wp","href":"https:\/\/api.w.org\/{rel}","templated":true}]}}