{"id":1265,"date":"2012-01-16T00:24:53","date_gmt":"2012-01-16T00:24:53","guid":{"rendered":"http:\/\/www.ingeta.com\/?p=1265"},"modified":"2012-01-16T00:24:53","modified_gmt":"2012-01-16T00:24:53","slug":"les-ecologistes-flamands-de-groen-qualifie-le-message-du-premier-ministre-belege-de-gaffe-diplomatique","status":"publish","type":"post","link":"https:\/\/congolobilelo.com\/IN\/les-ecologistes-flamands-de-groen-qualifie-le-message-du-premier-ministre-belege-de-gaffe-diplomatique\/","title":{"rendered":"Les \u00e9cologistes flamands de Groen qualifient le message du Premier ministre belege de &#8220;gaffe diplomatique&#8221;"},"content":{"rendered":"<p>\t\t\t\tLes \u00e9cologistes flamands de <strong><em>Groen<\/em><\/strong>, dans l\u2019opposition, ont qualifi\u00e9 le message du Premier de <em>&#8220;<strong>gaffe diplomatique<\/strong><\/em>&#8221; .<br \/>\n\u00ab <em>Le Premier ministre Di Rupo n\u2019a sans doute pas directement f\u00e9licit\u00e9 Kabila, mais on peut s\u2019attendre \u00e0 ce que ses louanges \u00e0 l&#8217;ensemble des forces congolaises soient utilis\u00e9es par Kabila pour renforcer la l\u00e9gitimit\u00e9 des r\u00e9sultats des \u00e9lections<\/em>&#8221; , a affirm\u00e9 la d\u00e9put\u00e9e f\u00e9d\u00e9rale <strong><em>Eva Brems<\/em><\/strong>.<\/p>\n<p>Selon elle, le signal donn\u00e9 par la Belgique de ne pas se rendre \u00e0 Kinshasa pour l\u2019investiture du pr\u00e9sident a \u00e9t\u00e9 &#8220;<em><strong>perdu<\/strong><\/em>&#8221; .<br \/>\n\u00ab <em>Les d\u00e9clarations de Di Rupo ne sont pas non plus de nature \u00e0 r\u00e9duire l\u2019inqui\u00e9tude et la d\u00e9ception des Congolais<\/em> \u00bb vivant en Belgique, a conclu Eva Brems.<\/p>\n<p><em>Pa Monique Mbeka Phoba, r\u00e9alisatrice.<\/em><\/p>\n<p><a href=\"http:\/\/www.deredactie.be\/cm\/vrtnieuws\/mediatheek\/programmas\/Villa%2BPolitica\/2.19418\/2.19419\/1.1194298\" target=\"_blank\" rel=\"noopener\"><img loading=\"lazy\" decoding=\"async\" class=\"alignleft size-full wp-image-1274\" title=\"Eva Brems\" src=\"http:\/\/www.ingeta.com\/wp-content\/uploads\/2012\/01\/Eva-Brems1.jpg\" alt=\"\" width=\"642\" height=\"362\" \/><\/a><\/p>\n<p>&nbsp;\t\t<\/p>\n","protected":false},"excerpt":{"rendered":"<p>Les \u00e9cologistes flamands de Groen, dans l\u2019opposition, ont qualifi\u00e9 le message du Premier de &#8220;gaffe diplomatique&#8221; . \u00ab Le Premier ministre Di Rupo n\u2019a sans doute pas directement f\u00e9licit\u00e9 Kabila, mais on peut s\u2019attendre \u00e0 ce que ses louanges \u00e0 l&#8217;ensemble des forces congolaises soient utilis\u00e9es par Kabila pour renforcer la l\u00e9gitimit\u00e9 des r\u00e9sultats des [&hellip;]<\/p>\n","protected":false},"author":1,"featured_media":1269,"comment_status":"open","ping_status":"open","sticky":false,"template":"","format":"standard","meta":{"_acf_changed":false,"content-type":"","footnotes":""},"categories":[107,122],"tags":[],"class_list":["post-1265","post","type-post","status-publish","format-standard","has-post-thumbnail","hentry","category-analyses-commentaires","category-news-alertes"],"acf":[],"_links":{"self":[{"href":"https:\/\/congolobilelo.com\/IN\/wp-json\/wp\/v2\/posts\/1265","targetHints":{"allow":["GET"]}}],"collection":[{"href":"https:\/\/congolobilelo.com\/IN\/wp-json\/wp\/v2\/posts"}],"about":[{"href":"https:\/\/congolobilelo.com\/IN\/wp-json\/wp\/v2\/types\/post"}],"author":[{"embeddable":true,"href":"https:\/\/congolobilelo.com\/IN\/wp-json\/wp\/v2\/users\/1"}],"replies":[{"embeddable":true,"href":"https:\/\/congolobilelo.com\/IN\/wp-json\/wp\/v2\/comments?post=1265"}],"version-history":[{"count":0,"href":"https:\/\/congolobilelo.com\/IN\/wp-json\/wp\/v2\/posts\/1265\/revisions"}],"wp:featuredmedia":[{"embeddable":true,"href":"https:\/\/congolobilelo.com\/IN\/wp-json\/"}],"wp:attachment":[{"href":"https:\/\/congolobilelo.com\/IN\/wp-json\/wp\/v2\/media?parent=1265"}],"wp:term":[{"taxonomy":"category","embeddable":true,"href":"https:\/\/congolobilelo.com\/IN\/wp-json\/wp\/v2\/categories?post=1265"},{"taxonomy":"post_tag","embeddable":true,"href":"https:\/\/congolobilelo.com\/IN\/wp-json\/wp\/v2\/tags?post=1265"}],"curies":[{"name":"wp","href":"https:\/\/api.w.org\/{rel}","templated":true}]}}