{"id":1229,"date":"2012-01-14T12:14:03","date_gmt":"2012-01-14T12:14:03","guid":{"rendered":"http:\/\/www.ingeta.com\/?p=1229"},"modified":"2012-01-14T12:14:03","modified_gmt":"2012-01-14T12:14:03","slug":"belgique-des-manifestants-anti-kabila-remercient-karel-de-gucht","status":"publish","type":"post","link":"https:\/\/congolobilelo.com\/IN\/belgique-des-manifestants-anti-kabila-remercient-karel-de-gucht\/","title":{"rendered":"Belgique: Des manifestants anti-Kabila remercient Karel De Gucht"},"content":{"rendered":"<p>\t\t\t\tSource: <a href=\"http:\/\/www.lalibre.be\/toutelinfo\/belga\/162927\/des-manifestants-anti-kabila-a-berlaere-pour-remercier-karel-de-gucht.html\">Agence Belga\/Lalibre.be<\/a> . Le 13 janvier 2012.<\/p>\n<p><strong>Une cinquantaine de Congolais anti-Kabila ont fait le d\u00e9placement vendredi jusque Berlaere (Flandre orientale), fief du commissaire europ\u00e9en Karel De Gucht, pour le remercier pour &#8220;son soutien&#8221; et de &#8220;l&#8217;attention&#8221; qu&#8217;il porte \u00e0 la question congolaise.<\/strong><\/p>\n<p><img loading=\"lazy\" decoding=\"async\" class=\"alignnone size-full wp-image-1230\" title=\"Karel De Gucht\" src=\"http:\/\/www.ingeta.com\/wp-content\/uploads\/2012\/01\/KarelDeGucht.jpg\" alt=\"\" width=\"468\" height=\"264\" \/><\/p>\n<p>Ceux-ci ont rencontr\u00e9 la bourgmestre de la commune Katia Gabri\u00ebls et lui ont remis une lettre destin\u00e9e \u00e0 l&#8217;ancien chef de la diplomatie belge, aujourd&#8217;hui commissaire europ\u00e9en en charge du Commerce.<\/p>\n<p>Ces Congolais ont pacifiquement march\u00e9 dans la ville, suivant l&#8217;itin\u00e9raire n\u00e9goci\u00e9 avec les autorit\u00e9s. Ils ne se sont ainsi pas rendus au domicile du commissaire, comme convenu.<\/p>\n<p>&#8220;De Gucht est un v\u00e9ritable ami du Congo&#8221;, ont vant\u00e9 les marcheurs. &#8220;Nous esp\u00e9rons qu&#8217;il pourra continuer \u00e0 porter la question du d\u00e9roulement des \u00e9lections (congolaises) et du g\u00e9nocide congolais aupr\u00e8s des responsables belges, europ\u00e9ens et internationaux&#8221;. (belga)\t\t<\/p>\n","protected":false},"excerpt":{"rendered":"<p>Source: Agence Belga\/Lalibre.be . Le 13 janvier 2012. Une cinquantaine de Congolais anti-Kabila ont fait le d\u00e9placement vendredi jusque Berlaere (Flandre orientale), fief du commissaire europ\u00e9en Karel De Gucht, pour le remercier pour &#8220;son soutien&#8221; et de &#8220;l&#8217;attention&#8221; qu&#8217;il porte \u00e0 la question congolaise. Ceux-ci ont rencontr\u00e9 la bourgmestre de la commune Katia Gabri\u00ebls et [&hellip;]<\/p>\n","protected":false},"author":1,"featured_media":1230,"comment_status":"open","ping_status":"open","sticky":false,"template":"","format":"standard","meta":{"_acf_changed":false,"content-type":"","footnotes":""},"categories":[122,124],"tags":[],"class_list":["post-1229","post","type-post","status-publish","format-standard","has-post-thumbnail","hentry","category-news-alertes","category-politique-societe"],"acf":[],"_links":{"self":[{"href":"https:\/\/congolobilelo.com\/IN\/wp-json\/wp\/v2\/posts\/1229","targetHints":{"allow":["GET"]}}],"collection":[{"href":"https:\/\/congolobilelo.com\/IN\/wp-json\/wp\/v2\/posts"}],"about":[{"href":"https:\/\/congolobilelo.com\/IN\/wp-json\/wp\/v2\/types\/post"}],"author":[{"embeddable":true,"href":"https:\/\/congolobilelo.com\/IN\/wp-json\/wp\/v2\/users\/1"}],"replies":[{"embeddable":true,"href":"https:\/\/congolobilelo.com\/IN\/wp-json\/wp\/v2\/comments?post=1229"}],"version-history":[{"count":0,"href":"https:\/\/congolobilelo.com\/IN\/wp-json\/wp\/v2\/posts\/1229\/revisions"}],"wp:featuredmedia":[{"embeddable":true,"href":"https:\/\/congolobilelo.com\/IN\/wp-json\/"}],"wp:attachment":[{"href":"https:\/\/congolobilelo.com\/IN\/wp-json\/wp\/v2\/media?parent=1229"}],"wp:term":[{"taxonomy":"category","embeddable":true,"href":"https:\/\/congolobilelo.com\/IN\/wp-json\/wp\/v2\/categories?post=1229"},{"taxonomy":"post_tag","embeddable":true,"href":"https:\/\/congolobilelo.com\/IN\/wp-json\/wp\/v2\/tags?post=1229"}],"curies":[{"name":"wp","href":"https:\/\/api.w.org\/{rel}","templated":true}]}}