{"id":1220,"date":"2012-01-13T21:15:22","date_gmt":"2012-01-13T21:15:22","guid":{"rendered":"http:\/\/www.ingeta.com\/?p=1220"},"modified":"2012-01-13T21:15:22","modified_gmt":"2012-01-13T21:15:22","slug":"lettre-dindignation-a-lattention-de-madame-colette-braeckman","status":"publish","type":"post","link":"https:\/\/congolobilelo.com\/IN\/lettre-dindignation-a-lattention-de-madame-colette-braeckman\/","title":{"rendered":"Lettre d\u2019indignation \u00e0 l\u2019attention de Madame Colette Braeckman"},"content":{"rendered":"<p>\t\t\t\t<strong><em>Colette Braeckman est journaliste et bloggeuse au quotidien belge <a href=\"http:\/\/www.lesoir.be\/\">&#8220;Le Soir&#8221;<\/a>.<\/em><\/strong><\/p>\n<p><span style=\"font-family: Times New Roman;\">Aucun peuple des pays des D\u00e9mocraties Occidentales n\u2019admettrait et encore moins ne cautionnerait des \u00e9lections aussi grossi\u00e8rement truqu\u00e9es qu\u2019en RDC ainsi que l\u2019imposition par la force arm\u00e9e des r\u00e9sultats \u00e9lectoraux.<\/span><\/p>\n<p><span style=\"font-family: Times New Roman;\">Abraham Lincoln disait que <\/span><em><span style=\"font-family: Times New Roman;\">la D\u00e9mocratie est le gouvernement du peuple par le peuple et pour le peuple.<\/span><\/em><span style=\"font-family: Times New Roman;\"> Cette notion de d\u00e9mocratie ne doit pas changer de connotation selon le continent o\u00f9 l\u2019on se trouve. Ainsi ce qui est d\u00e9sign\u00e9 comme D\u00e9mocratie en Europe doit \u00e9galement rev\u00eatir la m\u00eame signification en RDC. Le peuple congolais ne veut pas d\u2019une d\u00e9mocratie de pacotille brad\u00e9e, tronqu\u00e9e, et vid\u00e9e de toute sa substance. A moins que vous pensiez comme beaucoup d\u2019autres que la D\u00e9mocratie ne convient pas aux noirs africains car c\u2019est un luxe r\u00e9serv\u00e9 aux nations blanches de l\u2019Europe et de l\u2019Am\u00e9rique.<\/span><\/p>\n<p><span style=\"font-family: Times New Roman;\">Face aux massacres des populations civiles, \u00e0 la r\u00e9pression brutale des manifestants, aux viols des femmes, des hommes et des personnes vuln\u00e9rables de la soci\u00e9t\u00e9 congolaise et aux mutilations f\u00e9minines \u2013 la communaut\u00e9 internationale affiche contre toute attente un silence assourdissant. Cependant, la m\u00eame communaut\u00e9 internationale remue curieusement ciel et terre pour sauver quelques bonobos. Les bonobos auraient ils plus d\u2019importance que les populations congolaises ? <\/span><\/p>\n<p><strong><span style=\"font-family: Times New Roman;\">Madame la journaliste<\/span><\/strong><span style=\"font-family: Times New Roman;\">, <\/span><br \/>\n<span style=\"font-family: Times New Roman;\"><strong><img loading=\"lazy\" decoding=\"async\" class=\"alignleft\" title=\"Colette Braeckman\" src=\"http:\/\/www.ingeta.com\/wp-content\/uploads\/2012\/01\/colette.jpg\" alt=\"\" width=\"300\" height=\"202\" \/><\/strong>C\u2019est en notre qualit\u00e9 des Belges d\u2019origine Congolaise, des Congolais vivant en Belgique et des Belges amis du Congo que nous vous adressons la pr\u00e9sente lettre de profonde indignation. Une virulente r\u00e9probation contre la mani\u00e8re tendancieuse, insidieuse et manipulatrice dont vous vous servez de votre plume afin de tronquer et d\u00e9former l\u2019actualit\u00e9 politique congolaise, dans le dessein sans doute de conditionner l\u2019opinion publique belge et internationale et l\u2019induire en erreur sur la r\u00e9alit\u00e9 et la v\u00e9rit\u00e9 des \u00e9lections pr\u00e9sidentielles et l\u00e9gislatives du 28 novembre. <\/span><\/p>\n<p><span style=\"font-family: Times New Roman;\">Les congolais revendiquent l\u00e9gitimement le respect de l\u2019expression de leur volont\u00e9 exprim\u00e9e \u00e0 travers les urnes. Ils ne demandent \u00e0 tout d\u00e9mocrate qu\u2019objectivit\u00e9, neutralit\u00e9 et solidarit\u00e9. Les \u00e9lections ont eu lieu en RDC, le peuple a sanctionn\u00e9 le pouvoir sortant selon vos \u00e9crits. N\u00e9anmoins, il y a eu fraude et tricherie. Il faut tout simplement appliquer la loi comme cela se passe dans toute D\u00e9mocratie digne d\u2019un Etat de droit.<\/span><\/p>\n<p><span style=\"font-family: Times New Roman;\">L\u2019Eglise catholique vient encore de monter au cr\u00e9neau pour fustiger les faux r\u00e9sultats des \u00e9lections pr\u00e9sidentielles publi\u00e9s par la Commission Electorale Nationale Ind\u00e9pendante (CENI) et confirm\u00e9s par une Cour Supr\u00eame assujettie au pr\u00e9sident sortant Joseph Kabila. L\u2019ONG congolaise la <\/span><strong><span style=\"font-family: Times New Roman;\">Voix des sans voix<\/span><\/strong><span style=\"font-family: Times New Roman;\"> (VSV), que dirigeait Floribert Chebeya, lui a embo\u00eet\u00e9 le pas en remettant clairement en cause les scrutins pr\u00e9sidentiel et l\u00e9gislatifs en ces termes :<\/span><span style=\"font-family: Times New Roman;\">\u00a0<\/span><span style=\"font-family: Times New Roman;\">\u00ab <\/span><em><span style=\"font-family: Times New Roman;\">Les dites \u00e9lections n&#8217;ont pas \u00e9t\u00e9 transparentes et par cons\u00e9quent, non cr\u00e9dibles, au grand dam de la population congolaise d\u00e9sillusionn\u00e9e par la boulimie du pouvoir de ses acteurs politiques<\/span><\/em><span style=\"font-family: Times New Roman;\"> \u00bb.<\/span><\/p>\n<p><span style=\"font-family: Times New Roman;\">Nous nous insurgeons contre vos publications et d\u00e9clarations pr\u00e9sent\u00e9es sous forme d\u2019un lobbying en faveur du r\u00e9gime pr\u00e9dateur de Monsieur Kabila, qui traite avec des firmes et des groupes financiers index\u00e9s par les diff\u00e9rents rapports des Nations Unies dans le pillage des ressources naturelles de la RDC. Certains d\u2019entre eux sont \u00e9tablis en Belgique. A vous lire, l\u2019on se demande si vous \u00eates d\u00e9sormais devenue l\u2019alter ego du ministre congolais de l\u2019information sortant &#8211; Monsieur Lambert Mende &#8211; au sein de la communaut\u00e9 internationale. <\/span><\/p>\n<p><span style=\"font-family: Times New Roman;\">Madame, vous \u00eates mieux plac\u00e9e que quiconque en Belgique pour vous rendre compte que le peuple congolais s\u2019est rendu aux urnes ce 28 novembre 2011 afin de renouveler l\u2019assembl\u00e9e nationale et aussi se choisir, librement, un nouveau chef d\u2019\u00e9tat. En date du 29 novembre 2011 vous \u00e9criviez encore ceci :<\/span><\/p>\n<p><em><span style=\"font-family: Times New Roman;\">\u00ab La quatri\u00e8me conclusion, sans pr\u00e9juger du r\u00e9sultat arithm\u00e9tique, c\u2019est que les Congolais ont fait usage du plus \u00e9l\u00e9mentaire des droits d\u00e9mocratiques : ils ont sanctionn\u00e9 leurs \u00e9lus. Puni les d\u00e9put\u00e9s qui se sont vot\u00e9s des indemnit\u00e9s de 6000 dollars par mois en oubliant leurs \u00e9lecteurs. Cong\u00e9di\u00e9 bien des arrogants qui croyaient qu\u2019il leur suffirait de distribuer quelques T-shirts en derni\u00e8re minute. Ils ont adress\u00e9 un message s\u00e9v\u00e8re \u00e0 un gouvernement \u2013 en principe de centre gauche !- qui a oubli\u00e9 le social et permis \u00e0 la gangr\u00e8ne de la corruption de s\u2019\u00e9tendre. Dans de larges couches de la population, le discours de Tshisekedi a fait mouche. Pas seulement parce qu\u2019il a tenu des propos d\u00e9magogiques, parfois haineux et provocateurs, parfois ethnistes, promettant de renvoyer \u00ab le bonhomme \u00bb Kabila au Rwanda. Le vieux leader a fait mouche parce que, de mani\u00e8re plus incantatoire que chiffr\u00e9e, il a promis le changement. L\u2019opposant historique a su catalyser la col\u00e8re des sans voix, des sans travail, des sans pain, des sans \u00e9cole ; il a b\u00e9n\u00e9fici\u00e9 d\u2019un vote-sanction dont la s\u00e9v\u00e9rit\u00e9 doit faire r\u00e9fl\u00e9chir tous ceux qui aspirent \u00e0 garder ou \u00e0 prendre le pouvoir. \u00bb<\/span><\/em><\/p>\n<p><span style=\"font-family: Times New Roman;\">Pour une journaliste de votre rang, plut\u00f4t acquise au Kabilisme, vouloir rapporter \u00e0 la face du monde \u00e0 partir du Congo votre constat de la V\u00e9rit\u00e9 des Urnes, a constitu\u00e9 pour nous un signe de reconnaissance de cette d\u00e9termination du Peuple Congolais d\u2019opter pour l\u2019alternance politique. Ce constat de vote sanction \u00e9tait unanimement manifeste non seulement dans le camp de l\u2019opposition congolaise, mais surtout de celui de la majorit\u00e9 pr\u00e9sidentielle. Tout cela, avant que la machine de fraude mise en place par Monsieur Kabila Kabila et ses proches collaborateurs, parmi lesquels Le pr\u00e9sident de l\u2019Assembl\u00e9e Nationale Mr. Evariste Boshab, le ministre de l\u2019Int\u00e9rieur Mr. Adolphe Lumanu et le pr\u00e9sident de la CENI Mr. Daniel Ngoy Mulunda ne viennent commettre le \u00ab hold up \u00bb \u00e9lectoral du d\u00e9but de ce si\u00e8cle. Vous \u00e9tiez la premi\u00e8re \u00e0 faire \u00e9tat de la d\u00e9sertion de l\u2019\u00e9tat-major \u00e9lectoral du parti pr\u00e9sidentiel, conscient de sa d\u00e9faite, ainsi que du profil bas adopt\u00e9 par la majorit\u00e9 d\u2019entr\u2019eux dans les 48 heures qui ont suivi la tenue des \u00e9lections.<\/span><\/p>\n<p><span style=\"font-family: Times New Roman;\">Madame, quelle n\u2019a pas \u00e9t\u00e9 notre surprise, apr\u00e8s la mise en place de cette machine falsificatrice des r\u00e9sultats \u00e9lectoraux par Mr. Kabila et les siens, de vous voir revenir avec un discours contredisant vos premiers propos tenus durant votre s\u00e9jour au Congo o\u00f9 vous \u00e9tiez une t\u00e9moin privil\u00e9gi\u00e9e. C\u2019est \u00e0 croire que les informations que vous avez r\u00e9colt\u00e9es au d\u00e9part de la Belgique devenaient bibliquement et th\u00e9ologiquement \u00e0 l\u2019image du pasteur pr\u00e9sident de la CENI, Mr. Mulunda, plus fiables que celles recueillies physiquement par vous durant votre s\u00e9jour \u00e0 Kinshasa ? <\/span><\/p>\n<p><span style=\"font-family: Times New Roman;\">Occupant l\u2019espace m\u00e9diatique belge avec le m\u00eame discours journalistique \u00e9tonnamment identique, drill\u00e9 et aussi clon\u00e9 que celui du ministre Mende, qui tout comme ses partisans de la Majorit\u00e9 Pr\u00e9sidentielle, avait au lendemain des \u00e9lections lui aussi disparu des m\u00e9dias. Le m\u00eame type de discours orient\u00e9, est tenu \u00e9galement par Madame Maryse Jacobs de la <\/span><span style=\"font-family: Times New Roman;\">RTBF<\/span><span style=\"font-family: Times New Roman;\">. La cha\u00eene de t\u00e9l\u00e9vision belge francophone qui a tenu \u00e0 accorder un temps tr\u00e8s honorable au m\u00eame Lambert Mende. Celui-l\u00e0 m\u00eame qui a accord\u00e9 au candidat Joseph Kabila 86% de temps d\u2019acc\u00e8s aux m\u00e9dias publics congolais contre 1% au candidat Tshisekedi et le reste aux 9 autres malheureux candidats.<\/span><span style=\"font-family: Times New Roman;\"> .<\/span><span style=\"font-family: Times New Roman;\">\u00a0<\/span><span style=\"font-family: Times New Roman;\">Cfr le rapport de la Mission d\u2019Observation Electorale de l\u2019Union Europ\u00e9enne : MOE UE<\/span><span style=\"font-family: Times New Roman;\"> Le ministre Mende qui s\u2019est impos\u00e9 comme inquisiteur de la libert\u00e9 de presse en <\/span><span style=\"font-family: Times New Roman;\">RDC.<\/span><span style=\"font-family: Times New Roman;\"> Fallait-il encore que la Belgique francophone, en bon parrain, accorde \u00e0 Mr Mende Lambert des heures suppl\u00e9mentaires d\u2019acc\u00e8s aux m\u00e9dias au d\u00e9triment de l\u2019opposition congolaise comme si l\u2019overdose m\u00e9diatique en faveur de Kabila ne suffisait pas en <\/span><span style=\"font-family: Times New Roman;\">RDC<\/span><span style=\"font-family: Times New Roman;\"> ?<\/span><\/p>\n<p><em><span style=\"font-family: Times New Roman;\">Le journalisme est une profession tout aussi passionnante qu\u2019exaltante. Le journaliste a pour fonction de rechercher, pour le public, des informations, de les v\u00e9rifier, de les situer dans un contexte, de les hi\u00e9rarchiser, de les mettre en forme. Les faits doivent \u00eatre recueillis et rapport\u00e9s avec impartialit\u00e9. Il doit s\u2019attacher avant tout \u00e0 l\u2019exactitude des faits, des actes, des propos qu\u2019il r\u00e9v\u00e8le ou dont il rend compte. Bref, un vrai journaliste est celui qui rapporte les faits r\u00e9els et poursuit la recherche de la v\u00e9rit\u00e9. Telles sont les exigences \u00e9thiques et d\u00e9ontologiques de la profession que vous exercez.<\/span><\/em><\/p>\n<p><span style=\"font-family: Times New Roman;\">Madame Braeckman, permettez-nous de vous d\u00e9montrer, par deux exemples, que votre man\u0153uvre subtile ne vise qu\u2019\u00e0 d\u00e9former sciemment la v\u00e9rit\u00e9 des urnes:<\/span><\/p>\n<p><span style=\"font-family: Times New Roman;\">1\u00b0) Lors d\u2019une \u00e9mission communautaire africaine avec le journaliste Eric Nyindu, vous vous \u00eates permis de brandir un extrait du rapport du Centre Carter, qui curieusement autant pour vous et pour le Ministre belge des affaires \u00e9trang\u00e8res Mr. Reynders, est devenu votre chapelet biblique \u00e9lectoral et argument de lobbying au profit de Mr. Kabila. Un passage du rapport sorti de son contexte pour le ramener comme une conclusion pour faire croire que l\u2019\u00e9cart suppos\u00e9 de 3 millions de voix entre Mr Kabila et le Pr\u00e9sident Tshisekedi, selon les r\u00e9sultats publi\u00e9s par le pr\u00e9sident de la CENI, Ngoy Mulunda, est tellement grand que m\u00eame en comptabilisant les bulletins de vote des centres de vote dont les r\u00e9sultats n\u2019\u00e9taient pas compil\u00e9s par la CENI, il \u00e9tait impossible au Pr\u00e9sident Tshisekedi de rattraper son retard par rapport \u00e0 Mr. Kabila.<\/span><\/p>\n<p><span style=\"font-family: Times New Roman;\">A titre purement illustratif, nous vous renvoyons aux reportages du journaliste de la t\u00e9l\u00e9vision belge flamande, Monsieu Peter Verlinden <\/span><span style=\"font-family: Times New Roman;\">(\u00ab <\/span><em><span style=\"font-family: Times New Roman;\">Les Kabilistes se taisent dans toutes les langues<\/span><\/em><span style=\"font-family: Times New Roman;\"> \u00bb ou \u00ab <\/span><em><span style=\"font-family: Times New Roman;\">De gewone Congolees is weer een illusie armer<\/span><\/em><span style=\"font-family: Times New Roman;\"> \u00bb du<\/span><span style=\"font-family: Times New Roman;\"> 20\/12\/2011<\/span><span style=\"font-family: Times New Roman;\">).<\/span><span style=\"font-family: Times New Roman;\"> Il sied, par ailleurs, de s\u2019interroger \u00e0 la lumi\u00e8re de ces reportages si vous \u00eates une journaliste au service de la v\u00e9rit\u00e9, de la justice et de la d\u00e9mocratie.<\/span><\/p>\n<p><span style=\"font-family: Times New Roman;\">Pour revenir \u00e0 votre argumentaire, force est de constater qu\u2019il proc\u00e8de d\u2019un raisonnement d\u00e9lib\u00e9r\u00e9ment sp\u00e9cieux et de conditionnement m\u00e9diatique et psychologique. C\u2019est l\u2019illustration m\u00eame du sophisme politique visant \u00e0 mettre l\u2019opinion publique belge et internationale devant un \u00ab fait accompli \u00bb. Un stratag\u00e8me journalistique dict\u00e9 sans doute par des officines de lobbying en collusion d\u2019int\u00e9r\u00eats maffieux avec le r\u00e9gime de Mr. Kabila et financ\u00e9es, gr\u00e2ce \u00e0 l\u2019argent sale issu de la pr\u00e9dation des richesses de la RDC par des multinationales sans scrupules. Lesquelles Multinationales sont impliqu\u00e9es, selon les rapports de l\u2019ONU sur la RDC, aux crimes de guerre, aux viols et massacres des populations congolaises ; et, favorables au statu quo politico-financier corrompu \u00e0 la t\u00eate de la RDC. <\/span><\/p>\n<p><span style=\"font-family: Times New Roman;\">Admettre l\u2019\u00e9cart des trois millions de voix entre Mr Kabila et le Pr\u00e9sident Tshisekedi, c\u2019est reconnaitre la v\u00e9racit\u00e9 des r\u00e9sultats publi\u00e9s par la <\/span><span style=\"font-family: Times New Roman;\">CENI<\/span><span style=\"font-family: Times New Roman;\">. Ce qui contredit les rapports des observateurs et experts qui ont presque unanimement relev\u00e9 de graves irr\u00e9gularit\u00e9s et fraudes massives dans leur retranscription vers le serveur central de <\/span><span style=\"font-family: Times New Roman;\">CENI<\/span><span style=\"font-family: Times New Roman;\">. <\/span><\/p>\n<p><span style=\"font-family: Times New Roman;\">Pouvez-vous nous indiquer, Madame, sur base de quels \u00e9l\u00e9ments objectifs concrets fondez-vous votre arithm\u00e9tique sur l\u2019\u00e9cart de 3 millions de voix entre Mr. Kabila et le Pr\u00e9sident Tshisekedi, tel que publi\u00e9 par Mr. Ngoy Mulunda ? Dans cette logique, que pensez-vous des \u00e9l\u00e9ments du rapport des experts de la MOE UE, travaillant dans un m\u00eame espace g\u00e9ographique et socioprofessionnel que vous ? Des experts qui ont conclu au manque de cr\u00e9dibilit\u00e9 des r\u00e9sultats de la <\/span><span style=\"font-family: Times New Roman;\">CENI<\/span><span style=\"font-family: Times New Roman;\"> et relev\u00e9 des fraudes et de <\/span><span style=\"font-family: Times New Roman;\">graves irr\u00e9gularit\u00e9s<\/span><span style=\"font-family: Times New Roman;\"> dans tout le processus \u00e9lectoral. \u00ab <\/span><em><span style=\"font-family: Times New Roman;\">Science sans conscience n\u2019est que ruine de l\u2019\u00e2me <\/span><\/em><span style=\"font-family: Times New Roman;\">\u00bb dixit cet auteur humaniste du 16\u00e8 si\u00e8cle, Fran\u00e7ois Rabelais. <\/span><\/p>\n<p><span style=\"font-family: Times New Roman;\">2\u00b0) R\u00e9cemment, \u00e0 la suite de la conf\u00e9rence de Presse qui a eu lieu \u00e0 Bruxelles le jeudi 5 janvier 2012, vous vous \u00eates une fois de trop servie de votre plume d\u00e9vastatrice pour traiter avec ironie , dans votre blog, Monsieur F\u00e9lix Tshilombo Tshisekedi de \u00ab <\/span><em><span style=\"font-family: Times New Roman;\">Fils de son p\u00e8re<\/span><\/em><span style=\"font-family: Times New Roman;\"> \u00bb malgr\u00e9 les pr\u00e9cautions d\u2019usage qu\u2019il a prises pour expliquer \u00e0 l\u2019audience son apprentissage, son parcours et son combat politiques au sein de l\u2019UDPS, &#8211; contrairement \u00e0 Mr. Kabila, malgr\u00e9 ses 10 ans \u00e0 la t\u00eate de la RDC, dont vous n\u2019avez jamais, du moins \u00e0 notre connaissance, os\u00e9 mentionner son parcours de soldat et ses hauts faits d\u2019armes. Par parall\u00e9lisme des formes, la d\u00e9cence aurait voulu que vous insistassiez autant sur la filiation de Mr Kabila comme c\u2019est le cas avec Mr Tshisekedi alors qu\u2019il ne fait l\u2019ombre d\u2019aucun doute que celui-ci est bel et bien le fils de son p\u00e8re. <\/span><\/p>\n<p><span style=\"font-family: Times New Roman;\">Dans ce m\u00eame \u00e9lan de conditionnement politico-m\u00e9diatique inique au service de celui qui en 5 ans a plus pill\u00e9 et massacr\u00e9 la RDC plus que Mobutu en 32 ans, vous concluez en ces termes : \u00ab <\/span><em><span style=\"font-family: Times New Roman;\">Il <\/span><\/em><span style=\"font-family: Times New Roman;\">(Ndlr : F\u00e9lix Tshisekedi)<\/span><em><span style=\"font-family: Times New Roman;\"> n\u2019a pas \u00e9voqu\u00e9 le fait que M. Kabila avait d\u00e9j\u00e0 pr\u00eat\u00e9 serment et \u00e9t\u00e9 reconnu sur le plan international<\/span><\/em><span style=\"font-family: Times New Roman;\"> \u00bb. <\/span><\/p>\n<p><span style=\"font-family: Times New Roman;\">Vous avez ainsi pos\u00e9 le doigt sur l\u2019absurdit\u00e9 quotidienne de votre ligne de conduite ainsi que de la politique \u00e9trang\u00e8re de plusieurs pays du monde civilis\u00e9. Vous insinuez par l\u00e0-m\u00eame que puisque la communaut\u00e9 internationale a reconnu Mr. Kabila, le peuple congolais n\u2019a qu\u2019\u00e0 se mettre au pas car les jeux sont d\u00e9j\u00e0 faits. Foulant ainsi au pied le principe universel de l\u2019auto-d\u00e9termination des peuples tel que reconnu aussi bien dans la Charte des Nations Unies que dans la Constitution congolaise.<\/span><\/p>\n<p><span style=\"font-family: Times New Roman;\">Pour votre parfaite information, la l\u00e9gitimit\u00e9 d\u2019un chef d\u2019Etat, tout \u00e9tant un fait relevant d\u2019abord du droit interne, est en m\u00eame temps une combinaison de la l\u00e9gitimit\u00e9 politique interne \u00e0 laquelle vient symboliquement s\u2019ajouter la reconnaissance internationale. En droit international, il n\u2019appartient pas aux pays \u00e9trangers fussent-ils de l\u2019Union Europ\u00e9enne ou membres influents des Nations Unies de se substituer \u00e0 la souverainet\u00e9 du peuple congolais pour op\u00e9rer, en lieu et place de ce dernier, le choix de son pr\u00e9sident et ses repr\u00e9sentants. De quelle l\u00e9gitimit\u00e9 juridique ou politique peut encore se pr\u00e9valoir Mr. Kabila dans un pays en pleine crise de la faillite profonde du droit et de la justice, reconnue par cette m\u00eame communaut\u00e9 internationale que vous mettez en avant et o\u00f9 Kabila ne jouit plus d\u2019aucune l\u00e9gitimit\u00e9 politique et populaire et est contraint de s\u2019imposer manu militari ?<\/span><\/p>\n<p><span style=\"font-family: Times New Roman;\">A vous lire ainsi, le Peuple Congolais et sa Diaspora se demande jusqu\u2019\u00e0 quand allez-vous continuer \u00e0 l\u2019importuner avec ce genre de propos provocateurs ?<\/span><\/p>\n<p><span style=\"font-family: Times New Roman;\">Lorsque vous d\u00e9clarez que Mr. Kabila a \u00e9t\u00e9 reconnu par la communaut\u00e9 internationale, voulez-vous faire avaler aux congolais qui l\u2019ont sanctionn\u00e9 par les urnes que la pr\u00e9sence \u00e0 sa fameuse prestation de serment de Mugabe (seul pr\u00e9sident de la communaut\u00e9 internationale \u00e0 laquelle vous faites allusion) et des repr\u00e9sentants de certains Etats comme le Burundi, la RCA, la Tanzanie ou l\u2019Ouganda ou l\u2019Angola), dont la r\u00e9putation d\u00e9mocratique est tout autant exemplaire que la RDC de Kabila constitue un fait juridique, politique et diplomatique opposable \u00e0 tous les Etats de la Communaut\u00e9 internationale ?<\/span><span style=\"color: #0000ff; font-family: Times New Roman;\">\u00a0<\/span><span style=\"font-family: Times New Roman;\">Ou faites-vous allusion \u00e0 la lettre ambig\u00fce du Premier ministre belge, Elio Di Rupo, adress\u00e9e \u00e0 Mr. Kabila ? Une lettre qui suscite d\u00e9j\u00e0 des remous au sein de la classe politique belge.<\/span><\/p>\n<p><span style=\"font-family: Times New Roman;\">Vous appuyez \u00e9galement sur l\u2019arr\u00eat rendu par la Cour Supr\u00eame de Justice (CSJ). En effet, quel cr\u00e9dit accorder \u00e0 un arr\u00eat rendu, dans un contentieux \u00e9lectoral aussi complexe, politiquement tr\u00e8s sensible et \u00e9maill\u00e9 de tant de frustrations, en une demi-journ\u00e9e ? Faut-il signaler que cet arr\u00eat fut rendu de fa\u00e7on exp\u00e9ditive par une cour constitutionnelle faisant fonction, incapable d\u2019assumer et d\u2019exercer ses pr\u00e9rogatives constitutionnelles en toute ind\u00e9pendance. <\/span><em><span style=\"font-family: Times New Roman;\">La Justice devrait \u00eatre un socle de la d\u00e9mocratie et un pilier de l\u2019Etat de Droit garantissant aux justiciables un traitement impartial et \u00e9quitable des diff\u00e9rends qui lui sont soumis pour examen<\/span><\/em><span style=\"font-family: Times New Roman;\">. <\/span><\/p>\n<p><span style=\"font-family: Times New Roman;\">Pour l\u2019opinion congolaise et internationale, cette occasion manqu\u00e9e constituait un grand d\u00e9fi pour la Justice congolaise de saisir l\u2019opportunit\u00e9 d\u2019affirmer son savoir faire et surtout son ind\u00e9pendance en examinant en profondeur les exceptions soulev\u00e9es par le candidat Vital Kamhere, pr\u00e9sident de l\u2019UNC ainsi que les moyens avanc\u00e9s par ce dernier. Malheureusement, les r\u00e9sultats de la CENI sont pass\u00e9s comme une lettre \u00e0 la poste aupr\u00e8s de cette Cour Supr\u00eame de Justice qui n\u2019a eu qu\u2019\u00e0 apposer son sceau pour authentification. <\/span><\/p>\n<p><span style=\"font-family: Times New Roman;\">Il convient de rappeler que, m\u00eame en Belgique, votre pays o\u00f9 avait \u00e9t\u00e9 introduite une proc\u00e9dure de justice p\u00e9nale exp\u00e9ditive dite \u00ab <\/span><em><span style=\"font-family: Times New Roman;\">Snelrecht<\/span><\/em><span style=\"font-family: Times New Roman;\"> \u00bb( = Justice rapide) pour des faits de vandalisme, d\u2019incivisme ou de criminalit\u00e9 mineure afin de donner une r\u00e9action rapide \u00e0 l\u2019impunit\u00e9, les tribunaux belges, pourtant dot\u00e9s des ressources humaines, mat\u00e9rielles et logistiques ad\u00e9quates ont \u00e9t\u00e9 incapables de rendre correctement ce \u00ab snelrecht \u00bb. A la lumi\u00e8re de cette exp\u00e9rience in\u00e9dite de la Cour Supr\u00eame de Justice, la Belgique devrait peut-\u00eatre s\u2019inspirer de l\u2019expertise attest\u00e9e des magistrats congolais en mati\u00e8re de proc\u00e9dure acc\u00e9l\u00e9r\u00e9e?<\/span><\/p>\n<p><span style=\"font-family: Times New Roman;\">En tant que citoyenne membre de l\u2019Union Europ\u00e9enne, quel sens donnez-vous encore \u00e0 la justice congolaise lorsqu\u2019en m\u00eame temps le repr\u00e9sentant de l\u2019UE en RDC, Monsieur Richard Zinc, d\u00e9clare ce qui suit \u00e0 propos de cette m\u00eame justice : \u00ab \u2026<\/span><em><span style=\"font-family: Times New Roman;\">Face \u00e0 la mis\u00e8re et la pauvret\u00e9 qui touche un grand nombre de Congolais, \u2019il faut surtout une justice responsable. Une justice qui est au service de la population\u2026 Une justice qui serait un support de la d\u00e9mocratie \u00bb<\/span><\/em><span style=\"font-family: Times New Roman;\">.<\/span><\/p>\n<p><span style=\"font-family: Times New Roman;\">Que dire, Madame Braeckman, des aveux de votre vice-Premier ministre et ministre des affaires \u00e9trang\u00e8res qui a lui aussi avou\u00e9 avoir \u00e9t\u00e9 d\u00e9\u00e7u par l\u2019arr\u00eat de la Cour Supr\u00eame de Justice, du fait que cette CSJ \u00ab <\/span><em><span style=\"font-family: Times New Roman;\">n&#8217;ait pas us\u00e9 de ses pr\u00e9rogatives pour un examen plus approfondi, critique et ind\u00e9pendant des r\u00e9sultats<\/span><\/em><span style=\"font-family: Times New Roman;\"> \u00bb. Le m\u00eame son de cloche a \u00e9t\u00e9 \u00e9mis du c\u00f4t\u00e9 am\u00e9ricain o\u00f9 la Secr\u00e9taire d\u2019Etat Hilary Clinton s\u2019est dit \u00ab <\/span><em><span style=\"font-family: Times New Roman;\">profond\u00e9ment d\u00e9\u00e7ue <\/span><\/em><span style=\"font-family: Times New Roman;\">\u00bb de la validation des r\u00e9sultats par la CSJ, sans adresser de f\u00e9licitations officielles \u00e0 Kabila. Aussi le minist\u00e8re fran\u00e7ais des Affaires \u00e9trang\u00e8res a-t-il adopt\u00e9 un langage plus que r\u00e9serv\u00e9:<\/span><em><span style=\"font-family: Times New Roman;\"> La France &#8220;prend note des r\u00e9sultats d\u00e9finitifs de l&#8217;\u00e9lection pr\u00e9sidentielle en RDC&#8221; et appelle &#8220;tous les acteurs politiques congolais au calme et au dialogue<\/span><\/em><em><span style=\"font-family: Times New Roman;\">&#8220;<\/span><\/em><span style=\"font-family: Times New Roman;\">. <\/span><\/p>\n<p><span style=\"font-family: Times New Roman;\">Vous \u00eates mieux plac\u00e9e que nous pour interpr\u00e9ter toute la subtilit\u00e9 du langage diplomatique et diff\u00e9rencier les nuances entre les notions de \u00ab<\/span><em><span style=\"font-family: Times New Roman;\">prendre note<\/span><\/em><span style=\"font-family: Times New Roman;\">\u00bb, de \u00ab<\/span><em><span style=\"font-family: Times New Roman;\">prendre acte<\/span><\/em><span style=\"font-family: Times New Roman;\">\u00bb ou de \u00ab <\/span><em><span style=\"font-family: Times New Roman;\">f\u00e9liciter<\/span><\/em><span style=\"font-family: Times New Roman;\"> \u00bb, qui ne rev\u00eatent pas le m\u00eame poids de reconnaissance en relations internationales. En effet, prendre note revient \u00e0 \u00ab<\/span><em><span style=\"font-family: Times New Roman;\"> retenir une information pour s\u2019en souvenir<\/span><\/em><span style=\"font-family: Times New Roman;\">\u00bb tandis que <\/span><em><span style=\"font-family: Times New Roman;\">prendre acte<\/span><\/em><span style=\"font-family: Times New Roman;\"> signifie \u00ab <\/span><em><span style=\"font-family: Times New Roman;\">retenir formellement une information, dans le but de pouvoir s\u2019en pr\u00e9valoir plus tard<\/span><\/em><span style=\"font-family: Times New Roman;\">. F\u00e9liciter un \u00e9lu, c\u2019est ni plus ni moins reconnaitre explicitement son \u00e9lection, l\u2019approuver, le complimenter et l\u2019applaudir. Ce que n\u2019a m\u00eame pas fait Mr. Di Rupo, si c\u2019est \u00e0 lui que vous vous r\u00e9f\u00e9rez, qui ne f\u00e9licite d\u2019ailleurs pas Mr. Kabila, mais bien le Peuple Congolais. Madame la journaliste, \u00e0 votre d\u00e9charge d\u2019all\u00e9guer devant l\u2019opinion les preuves objectivables de cette <\/span><em><span style=\"font-family: Times New Roman;\">reconnaissance internationale<\/span><\/em><span style=\"font-family: Times New Roman;\"> que vous avancez insidieusement, outre la lettre du 1<\/span><sup><span style=\"font-family: Times New Roman;\">er<\/span><\/sup><span style=\"font-family: Times New Roman;\"> ministre Belge datant du 03\/01\/2012. <\/span><\/p>\n<p><span style=\"font-family: Times New Roman;\">Pour avoir soumis la population congolaise \u00e0 la loi de la p\u00e9nurie, \u00e0 une paup\u00e9risation encore plus accrue, \u00e0 l\u2019ins\u00e9curit\u00e9 permanente, \u00e0 la tyrannie, \u00e0 l\u2019ins\u00e9curit\u00e9 juridique et judiciaire Mr Kabila ne pouvait raisonnablement pas esp\u00e9rer \u00eatre gratifi\u00e9 d\u2019un autre mandat \u00e9lectif. Aucun pays du monde civilis\u00e9 et de surcro\u00eet d\u00e9mocratique ne devrait s\u2019afficher avec Mr Kabila qui n\u2019est pas le choix du peuple congolais. Et vous le savez, car si votre bouche ne peut le prononcer pour des raisons \u00e9videntes, cependant votre conscience ne peut le nier. <\/span><\/p>\n<p><span style=\"font-family: Times New Roman;\">C\u2019est sur une note de deuil national pour des dizaines des compatriotes congolais qui viennent d\u2019\u00eatre tu\u00e9s par les FDLR dont une femme enceinte qui a \u00e9t\u00e9 \u00e9ventr\u00e9e dans l\u2019Est du Congo sous votre indiff\u00e9rence totale ainsi que celle de la communaut\u00e9 g\u00e9n\u00e9rale que le peuple congolais vous dit BRAVO pour ces belles le\u00e7ons de d\u00e9mocratie que vous \u00eates en train de donner en soutenant les fraudeurs et les tricheurs et autres criminels de guerre. <\/span><\/p>\n<p><strong><span style=\"font-family: Times New Roman;\">Eh oui, les bonobos sont bien plus importants que les congolais.<\/span><\/strong><\/p>\n<p><span style=\"font-family: Times New Roman;\">Pour avoir \u00e9t\u00e9 aux c\u00f4t\u00e9s du peuple congolais alors qu\u2019il luttait contre le dictateur Mobutu, vous inspiriez la fiert\u00e9, vous rendiez honneur \u00e0 la cat\u00e9gorie des journalistes humanistes qui s\u2019\u00e9l\u00e8vent contre l\u2019injustice, qui engagent leur plume pour le triomphe de la v\u00e9rit\u00e9. Vous avez eu une carri\u00e8re professionnelle qui aux yeux des congolais aurait pu vous hisser au Panth\u00e9on des Vrais Amis du Congo mais dont la fin laisse aux congolais une image d\u2019une journaliste complice des fossoyeurs du Congo, d\u2019un dirigeant tricheur, voleur, faussaire et tueur de sa population, maintenu contre la volont\u00e9 populaire \u00e0 la t\u00eate de la RDC par une maffia politico-financi\u00e8re. <\/span><\/p>\n<p><span style=\"font-family: Times New Roman;\">Au nom du Peuple Congolais, de sa diaspora et des Amis du Congo, nous tenons vivement que vous vous souveniez dans ce qui va rester encore de votre \u00ab <\/span><em><span style=\"font-family: Times New Roman;\">Conscience<\/span><\/em><span style=\"font-family: Times New Roman;\"> \u00bb, le jour de votre d\u00e9part \u00e0 la retraite professionnelle, de cette image que nous garderons d\u00e9finitivement de vous. <\/span><\/p>\n<p><span style=\"font-size: small;\"><strong><span style=\"font-family: Times New Roman;\">Fait \u00e0 Bruxelles, le 12 janvier 2012<br \/>\n<\/span><\/strong><\/span><\/p>\n<p><strong><span style=\"font-family: Times New Roman;\">MA<\/span><\/strong><strong><span style=\"font-family: Times New Roman;\">DINDA H\u00e9l\u00e8ne, <\/span><\/strong><span style=\"font-family: Times New Roman;\">Consultante en communication <\/span><\/p>\n<p><strong><span style=\"font-family: Times New Roman;\">MUTAMBAYI Laurent<\/span><\/strong><span style=\"font-family: Times New Roman;\">, Juriste d\u2019entreprise<\/span><\/p>\n<p><strong><span style=\"font-family: Times New Roman;\">WONDO Jean-Jacques<\/span><\/strong><span style=\"font-family: Times New Roman;\">, Officier dipl\u00f4m\u00e9 de l\u2019<\/span><span style=\"font-family: Times New Roman;\">ERM<\/span><span style=\"font-family: Times New Roman;\">, Criminologue et Politologue <\/span><\/p>\n<p><strong><span style=\"font-family: Times New Roman;\">SCHELFHOUT Els<\/span><\/strong><span style=\"font-family: Times New Roman;\">, S\u00e9natrice Honoraire et Docteur en Sciences Sociales <\/span><\/p>\n<p><strong><span style=\"font-family: Times New Roman;\">VANSEVENANT Jan<\/span><\/strong><span style=\"font-family: Times New Roman;\">, Major d&#8217;Aviation e.r. &#8211; Ancien Attach\u00e9 Militaire Adjoint pr\u00e8s de<\/span><span style=\"font-family: Times New Roman;\"> l\u2019Ambassade de la Belgique \u00e0 Kinshasa <\/span>\t\t<\/p>\n","protected":false},"excerpt":{"rendered":"<p>Colette Braeckman est journaliste et bloggeuse au quotidien belge &#8220;Le Soir&#8221;. Aucun peuple des pays des D\u00e9mocraties Occidentales n\u2019admettrait et encore moins ne cautionnerait des \u00e9lections aussi grossi\u00e8rement truqu\u00e9es qu\u2019en RDC ainsi que l\u2019imposition par la force arm\u00e9e des r\u00e9sultats \u00e9lectoraux. Abraham Lincoln disait que la D\u00e9mocratie est le gouvernement du peuple par le peuple [&hellip;]<\/p>\n","protected":false},"author":1,"featured_media":1221,"comment_status":"open","ping_status":"open","sticky":false,"template":"","format":"standard","meta":{"_acf_changed":false,"content-type":"","footnotes":""},"categories":[107,122,124],"tags":[],"class_list":["post-1220","post","type-post","status-publish","format-standard","has-post-thumbnail","hentry","category-analyses-commentaires","category-news-alertes","category-politique-societe"],"acf":[],"_links":{"self":[{"href":"https:\/\/congolobilelo.com\/IN\/wp-json\/wp\/v2\/posts\/1220","targetHints":{"allow":["GET"]}}],"collection":[{"href":"https:\/\/congolobilelo.com\/IN\/wp-json\/wp\/v2\/posts"}],"about":[{"href":"https:\/\/congolobilelo.com\/IN\/wp-json\/wp\/v2\/types\/post"}],"author":[{"embeddable":true,"href":"https:\/\/congolobilelo.com\/IN\/wp-json\/wp\/v2\/users\/1"}],"replies":[{"embeddable":true,"href":"https:\/\/congolobilelo.com\/IN\/wp-json\/wp\/v2\/comments?post=1220"}],"version-history":[{"count":0,"href":"https:\/\/congolobilelo.com\/IN\/wp-json\/wp\/v2\/posts\/1220\/revisions"}],"wp:featuredmedia":[{"embeddable":true,"href":"https:\/\/congolobilelo.com\/IN\/wp-json\/"}],"wp:attachment":[{"href":"https:\/\/congolobilelo.com\/IN\/wp-json\/wp\/v2\/media?parent=1220"}],"wp:term":[{"taxonomy":"category","embeddable":true,"href":"https:\/\/congolobilelo.com\/IN\/wp-json\/wp\/v2\/categories?post=1220"},{"taxonomy":"post_tag","embeddable":true,"href":"https:\/\/congolobilelo.com\/IN\/wp-json\/wp\/v2\/tags?post=1220"}],"curies":[{"name":"wp","href":"https:\/\/api.w.org\/{rel}","templated":true}]}}