{"id":1213,"date":"2012-01-13T18:54:00","date_gmt":"2012-01-13T18:54:00","guid":{"rendered":"http:\/\/www.ingeta.com\/?p=1213"},"modified":"2012-01-13T18:54:00","modified_gmt":"2012-01-13T18:54:00","slug":"ce-que-dit-le-rapport-annuel-2010-de-la-surete-de-letat-belge-sur-la-rdc-et-la-diaspora-congolaise","status":"publish","type":"post","link":"https:\/\/congolobilelo.com\/IN\/ce-que-dit-le-rapport-annuel-2010-de-la-surete-de-letat-belge-sur-la-rdc-et-la-diaspora-congolaise\/","title":{"rendered":"Ce que dit Le rapport annuel 2010 de la s\u00fbret\u00e9 de l\u2019Etat belge sur  la RDC et la diaspora congolaise"},"content":{"rendered":"<p>\t\t\t\t<strong><em>Le rapport annuel 2010 du service civil du renseignement belge est une &#8220;occasion pour les citoyens de mieux appr\u00e9hender le travail et les missions d\u2019un service de renseignement. Pour la S\u00fbret\u00e9 de l\u2019Etat, il s\u2019agit d\u2019une belle opportunit\u00e9 d\u2019affirmer sa volont\u00e9 d\u2019ouverture&#8221;. Dans ce rapport, il y a \u00e9videmment\u00a0 une partie consacr\u00e9e \u00e0 la RDC et aux Congolais de Belgique. Nous vous pr\u00e9sentons ce que disent les services de renseignement belge \u00e0 notre sujet.<\/em><\/strong><\/p>\n<p>&nbsp;<\/p>\n<p><img loading=\"lazy\" decoding=\"async\" class=\"alignnone  wp-image-1215\" title=\"Manifestation congolaise - Belgique - D\u00e9cembre 2011\" src=\"http:\/\/www.ingeta.com\/wp-content\/uploads\/2012\/01\/Manif-17.12.2011-002-300x225.jpg\" alt=\"\" width=\"500\" height=\"375\" \/><br \/>\n<strong><\/strong><\/p>\n<p><strong>REPUBLIQUE DEMOCRATIQUE DU CONGO (RDC)<\/strong><br \/>\nDiff\u00e9rents \u00e9l\u00e9ments ont marqu\u00e9 l\u2019ann\u00e9e congolaise de la VSSE: les festivit\u00e9s de l\u2019Ind\u00e9pendance le 30 juin 2010 aussi bien \u00e0 Kinshasa avec la visite du Roi Albert II qu\u2019en Belgique, les pr\u00e9parations du proc\u00e8s Jean-Pierre BEMBA \u00e0 la Cour p\u00e9nale internationale (CPI), la pr\u00e9paration des \u00e9lections pr\u00e9vues en 2011, la mort de Floribert CHEBEYA et d\u2019Armand TUNGULU en RDC avec la pl\u00e9iade de r\u00e9actions que cela a entra\u00een\u00e9 en Belgique, &#8230;<\/p>\n<p><strong>1.1. DIASPORA<\/strong><br \/>\n<strong>1.1.1. Radicalisme<\/strong><br \/>\n<em><strong>La tension dans la diaspora congolaise<\/strong><\/em><br \/>\n\u2013 majoritairement oppos\u00e9e au Pr\u00e9sident Joseph KABILA \u2013 est mont\u00e9e au fil des mois. La mort \u00e0 Kinshasa de deux opposants congolais vivant la plupart du temps en Belgique a rendu la communaut\u00e9 congolaise de la diaspora extr\u00eamement nerveuse (en Belgique donc mais \u00e9galement en France, au Royaume-Uni, \u2026).<br \/>\nL\u2019assassinat par la Police congolaise du militant des droits de l\u2019homme Floribert CHEBEYA en avril 2010 a entra\u00een\u00e9 plusieurs manifestations d\u2019opposants congolais plus importantes que d\u2019habitude.<\/p>\n<p>La mort d\u2019Armand TUNGULU en octobre 2010 \u2013 apr\u00e8s avoir \u00e9t\u00e9 arr\u00eat\u00e9 par la Garde pr\u00e9sidentielle de Joseph KABILA pour avoir jet\u00e9 des pierres sur sa voiture \u2013 a encore envenim\u00e9 l\u2019ambiance. En octobre, deux manifestations ont connu une mobilisation tr\u00e8s importante (\u00e0 un niveau congolais) et ont \u00e9t\u00e9 particuli\u00e8rement violentes.<br \/>\nLa pr\u00e9sence de nombreux Congolais de l\u2019\u00e9tranger a \u00e9t\u00e9 remarqu\u00e9e \u00e0 ces manifestations. Des Congolais de France, Suisse ou du Royaume-Uni ont en effet fait le d\u00e9placement et ont \u00e9t\u00e9 parmi les plus radicaux. Les Anglais de la \u00abDIASPORA CONGOLAISE UNITED KINGDOM\u00bb (DCUK) notamment ont \u00e9t\u00e9 parmi les plus violents et poussaient les Congolais de Belgique \u00e0 plus de radicalisme.<\/p>\n<p>Cet encouragement \u00e0 la violence de la part des \u2018Britanniques\u2019 ne s\u2019est pas fait exclusivement lors des manifestations d\u2019octobre 2010. Depuis lors, ceux-ci viennent r\u00e9guli\u00e8rement sur notre territoire et continuent \u00e0 inciter au radicalisme. Des menaces p\u00e8sent d\u00e8s lors en permanence sur tout Congolais consid\u00e9r\u00e9 par ces radicaux comme proche du r\u00e9gime de Joseph KABILA.<\/p>\n<p><strong><em>Perspectives<\/em><\/strong><br \/>\nIl convient de rester tr\u00e8s attentif sur ce sujet dans les prochains mois. Une action contre un proche du r\u00e9gime en Belgique n\u2019est pas impossible et pourrait avoir des cons\u00e9quences pour nos relations diplomatiques avec la R\u00e9publique d\u00e9mocratique du Congo.<\/p>\n<p><strong>1.1.2. Jean-Pierre BEMBA<\/strong><br \/>\nApr\u00e8s de multiples reports dus aux diverses proc\u00e9dures engag\u00e9es par les diff\u00e9rentes parties, le proc\u00e8s de Jean-Pierre BEMBA a commenc\u00e9 \u00e0 la Cour P\u00e9nale Internationale en novembre 2010. Le pr\u00e9sident du \u00abMOUVEMENT DE LIBERATION DU CONGO\u00bb (MLC) semble continuer \u2013 comme depuis le d\u00e9but de sa d\u00e9tention \u2013 \u00e0 vouloir respecter la proc\u00e9dure.<br \/>\nLe proc\u00e8s n\u2019engendre pas de remous particuliers dans la diaspora. Un autocar a bien \u00e9t\u00e9 lou\u00e9 \u00e0 l\u2019une ou l\u2019autre reprise par les partisans de Jean-Pierre BEMBA pour se rendre au proc\u00e8s \u00e0 La Haye, mais cela n\u2019a gu\u00e8re engendr\u00e9 de probl\u00e8mes. Notre service suit la position de la diaspora par rapport \u00e0 ce proc\u00e8s et communique \u00e0 ce propos avec son homologue n\u00e9erlandais.<\/p>\n<p><strong>1.1.3. Cinquantenaire de l\u2019Ind\u00e9pendance du Congo<\/strong><br \/>\nLa p\u00e9riode autour du 30 juin (jour de la f\u00eate nationale congolaise) est traditionnellement une des p\u00e9riodes les plus \u2018agit\u00e9es\u2019 de la diaspora congolaise qui y manifeste r\u00e9guli\u00e8rement son opposition au r\u00e9gime du Pr\u00e9sident Joseph KABILA. La VSSE est donc toujours tr\u00e8s attentive aux \u00e9v\u00e8nements se d\u00e9roulant autour de cette date et ce d\u2019autant plus cette ann\u00e9e vu les remous caus\u00e9s par la mort de Floribert CHEBEYA en avril 2010.<br \/>\nLes divers \u00e9v\u00e8nements (festivit\u00e9s, expositions, conf\u00e9rences et autres manifestations) se sont d\u00e9roul\u00e9s relativement dans le calme et sans probl\u00e8mes particuliers. Remarquons juste, pour la premi\u00e8re fois, des attaques verbales directes contre le Roi Albert II en raison de sa participation aux festivit\u00e9s \u00e0 Kinshasa aux c\u00f4t\u00e9s de Joseph KABILA.<\/p>\n<p><strong>1.1.4. Panafricanisme<\/strong><br \/>\nLa pr\u00e9sence de diff\u00e9rents petits mouvements panafricains a \u00e9t\u00e9 constat\u00e9e en Belgique. Un d\u2019entre eux a particuli\u00e8rement attir\u00e9 notre attention en raison du nom de famille de son dirigeant: LUMUMBA.<br \/>\nEn effet, lors des manifestations \u00e0 Bruxelles suivant la mort de Floribert CHEBEYA, notre service a constat\u00e9 l\u2019arriv\u00e9e d\u2019un nouveau groupement &#8211; avec un discours tr\u00e8s agressif -sur la sc\u00e8ne de l\u2019opposition congolaise. Il s\u2019agit du \u00abFRONT NATIONAL KONGOLAIS\u00bb (FNK) dirig\u00e9 par le neveu de Patrice LUMUMBA, Richard LUMUMBA.<br \/>\nCe mouvement anti-imp\u00e9rialiste et antiblanc se d\u00e9finit comme \u00abnationaliste congolais panafricain\u00bb. Il pr\u00f4ne la \u00ablib\u00e9ration\u00bb de l\u2019Afrique et s\u2019oppose aux dirigeants africains actuels accus\u00e9s d\u2019\u00eatre \u00e0 la botte des Occidentaux. Cette lib\u00e9ration doit se faire \u00e9tape par \u00e9tape, pays par pays.<br \/>\nPour atteindre son objectif, Richard LUMUMBA tente de d\u00e9velopper ses contacts avec des groupements d\u2019opposition d\u2019autres pays africains pr\u00e9sents en Belgique. Il pourrait \u00e9galement avoir des liens vers des mouvements panafricains pr\u00e9sents en France, Royaume-Uni et\/ou Etats-Unis.<\/p>\n<p>Richard LUMUMBA a particip\u00e9 \u00e0 la plupart des manifestations congolaises de cette ann\u00e9e et a m\u00eame parfois co-organis\u00e9 celles-ci en compagnie des opposants traditionnels. A l\u2019heure actuelle cependant, il ne semble pas avoir r\u00e9ussi \u00e0 mobiliser en Belgique autour de son message.<br \/>\nN\u00e9anmoins, au vu de son message qui peut \u00eatre porteur aupr\u00e8s de certains jeunes, au vu de son nom de famille et au vu de la proximit\u00e9 du cinquanti\u00e8me anniversaire de la mort de son oncle (janvier 2011), le mouvement de Richard LUMUMBA m\u00e9rite toujours une attention particuli\u00e8re.<br \/>\n<strong>1.2. EN REPUBLIQUE DEMOCRATIQUE DU CONGO<\/strong><br \/>\n<strong>1.2.1. Pr\u00e9paration des \u00e9lections<\/strong><br \/>\nDes \u00e9lections pr\u00e9sidentielles, l\u00e9gislatives et locales sont pr\u00e9vues en 2011 au Congo. La question de la tenue r\u00e9elle de ces \u00e9lections a fait l\u2019objet de tr\u00e8s nombreuses sp\u00e9culations tout au long de cette ann\u00e9e 2010. Diff\u00e9rents candidats plus ou moins farfelus se sont manifest\u00e9s et les possibilit\u00e9s d\u2019alliance entre diff\u00e9rents partis font l\u2019objet de nombreux d\u00e9bats.<\/p>\n<p>Les discussions principales de cette \u00e9lection pr\u00e9sidentielle (qui, dans les faits, est la seule qui int\u00e9resse) tournent autour de trois personnes:<br \/>\n-Etienne TSHISEKEDI. Le leader de l\u2019\u00abUNION POUR LA DEMOCRATIE ET LE PROGRES SOCIAL\u00bb (UDPS) s\u2019est officiellement d\u00e9clar\u00e9 candidat \u00e0 l\u2019\u00e9lection pr\u00e9sidentielle, contrairement \u00e0 l\u2019\u00e9lection pr\u00e9c\u00e9dente qu\u2019il avait boycott\u00e9e. Malgr\u00e9 son \u00e2ge, une sant\u00e9 fragile ayant entra\u00een\u00e9 une longue absence de la sc\u00e8ne politique congolaise et un parti divis\u00e9, Etienne TSHISEKEDI reste un poids lourd politique au Congo et sa candidature n\u2019est d\u00e8s lors pas \u00e0 n\u00e9gliger.<br \/>\n.\u00a0\u00a0 \u00a0 Jean-Pierre BEMBA. Bien qu\u2019emprisonn\u00e9, Jean-Pierre BEMBA reste un acteur essentiel de la prochaine campagne pr\u00e9sidentielle. Son parti, le \u00abMOUVEMENT DE LIBERATION DU CONGO\u00bb (MLC) est le principal parti d\u2019opposition et son positionnement lors de la campagne \u00e9lectorale jouera un r\u00f4le important.<br \/>\n.\u00a0\u00a0 \u00a0 Vital KAMERHE. L\u2019ancien Pr\u00e9sident de l\u2019Assembl\u00e9e nationale congolaise est la grande inconnue de ces \u00e9lections. Vital KAMERHE a cr\u00e9\u00e9 son parti, l\u2019\u00abUNION POUR LA NATION CONGOLAISE\u00bb (UNC) et diff\u00e9rentes rumeurs courent sur son compte: alliance avec MLC et UDPS ? Ou juste volont\u00e9 de faire monter les ench\u00e8res aupr\u00e8s de Joseph KABILA pour l\u2019apr\u00e8s-\u00e9lection ?<\/p>\n<p>Les pr\u00e9paratifs de ces \u00e9lections sont suivis par notre service en raison de leur importance pour la stabilit\u00e9 du pays, de l\u2019activit\u00e9 des candidats dans notre pays, des cons\u00e9quences qu\u2019elles pourraient avoir sur la diaspora et sur nos relations diplomatiques avec le Congo.<\/p>\n<p><strong>1.2.2. Cinquantenaire de l\u2019Ind\u00e9pendance<\/strong><br \/>\nLe 30 juin 2010, la R\u00e9publique d\u00e9mocratique du Congo a f\u00eat\u00e9 les 50 ans de son ind\u00e9pendance en grande pompe \u00e0 Kinshasa. Une d\u00e9l\u00e9gation belge conduite par le Roi Albert II et le Premier ministre Yves LETERME s\u2019est rendue \u00e0 Kinshasa \u00e0 cette occasion. La S\u00fbret\u00e9 de l\u2019Etat a, \u00e0 cette occasion, collabor\u00e9 avec d\u2019autres services pour pr\u00e9parer cette visite royale.<\/p>\n<p>Vous pouvez t\u00e9l\u00e9charger le rapport complet <a href=\"http:\/\/www.ingeta.com\/wp-content\/uploads\/2012\/01\/VSSE_rapport2010_FR_web_tcm421-158199.pdf\">en cliquant ici<\/a>.\t\t<\/p>\n","protected":false},"excerpt":{"rendered":"<p>Le rapport annuel 2010 du service civil du renseignement belge est une &#8220;occasion pour les citoyens de mieux appr\u00e9hender le travail et les missions d\u2019un service de renseignement. Pour la S\u00fbret\u00e9 de l\u2019Etat, il s\u2019agit d\u2019une belle opportunit\u00e9 d\u2019affirmer sa volont\u00e9 d\u2019ouverture&#8221;. Dans ce rapport, il y a \u00e9videmment\u00a0 une partie consacr\u00e9e \u00e0 la RDC [&hellip;]<\/p>\n","protected":false},"author":1,"featured_media":1215,"comment_status":"open","ping_status":"open","sticky":false,"template":"","format":"standard","meta":{"_acf_changed":false,"content-type":"","footnotes":""},"categories":[148,154,124],"tags":[],"class_list":["post-1213","post","type-post","status-publish","format-standard","has-post-thumbnail","hentry","category-documents-presse","category-etudes-rapports","category-politique-societe"],"acf":[],"_links":{"self":[{"href":"https:\/\/congolobilelo.com\/IN\/wp-json\/wp\/v2\/posts\/1213","targetHints":{"allow":["GET"]}}],"collection":[{"href":"https:\/\/congolobilelo.com\/IN\/wp-json\/wp\/v2\/posts"}],"about":[{"href":"https:\/\/congolobilelo.com\/IN\/wp-json\/wp\/v2\/types\/post"}],"author":[{"embeddable":true,"href":"https:\/\/congolobilelo.com\/IN\/wp-json\/wp\/v2\/users\/1"}],"replies":[{"embeddable":true,"href":"https:\/\/congolobilelo.com\/IN\/wp-json\/wp\/v2\/comments?post=1213"}],"version-history":[{"count":0,"href":"https:\/\/congolobilelo.com\/IN\/wp-json\/wp\/v2\/posts\/1213\/revisions"}],"wp:featuredmedia":[{"embeddable":true,"href":"https:\/\/congolobilelo.com\/IN\/wp-json\/"}],"wp:attachment":[{"href":"https:\/\/congolobilelo.com\/IN\/wp-json\/wp\/v2\/media?parent=1213"}],"wp:term":[{"taxonomy":"category","embeddable":true,"href":"https:\/\/congolobilelo.com\/IN\/wp-json\/wp\/v2\/categories?post=1213"},{"taxonomy":"post_tag","embeddable":true,"href":"https:\/\/congolobilelo.com\/IN\/wp-json\/wp\/v2\/tags?post=1213"}],"curies":[{"name":"wp","href":"https:\/\/api.w.org\/{rel}","templated":true}]}}