{"id":1192,"date":"2012-01-12T19:36:31","date_gmt":"2012-01-12T19:36:31","guid":{"rendered":"http:\/\/www.ingeta.com\/?p=1192"},"modified":"2012-01-12T19:36:31","modified_gmt":"2012-01-12T19:36:31","slug":"la-confederation-episcopale-nationale-du-congo-le-peuple-congolais-a-faim-et-soif-de-justice-et-de-paix","status":"publish","type":"post","link":"https:\/\/congolobilelo.com\/IN\/la-confederation-episcopale-nationale-du-congo-le-peuple-congolais-a-faim-et-soif-de-justice-et-de-paix\/","title":{"rendered":"La Conf\u00e9d\u00e9ration Episcopale Nationale du Congo : &#8220;Le peuple congolais a faim et soif de Justice et de Paix&#8221;"},"content":{"rendered":"<p>\t\t\t\tSource : <a href=\"http:\/\/www.cenco.cd\/index.php\/actualite\/265-le-peuple-congolais-a-faim-et-soif-de-justice-et-de-paix.html\">Conf\u00e9d\u00e9ration Episcopale Nationale du Congo (CENCO)<\/a>.<\/p>\n<p align=\"center\"><strong>Le courage de la v\u00e9rit\u00e9 (cf. 2Cor7, 14)<\/strong><\/p>\n<p align=\"center\"><strong><em>Message de l\u2019Assembl\u00e9e pl\u00e9ni\u00e8re extraordinaire de la CENCO aux fid\u00e8les catholiques et \u00e0 l\u2019ensemble du peuple congolais<\/em><\/strong><\/p>\n<p>&nbsp;<\/p>\n<p><strong>Introduction<\/strong><\/p>\n<p>1. \u00a0En ce d\u00e9but de l\u2019ann\u00e9e 2012, que Dieu b\u00e9nisse le peuple congolais et qu\u2019il le garde\u00a0! Qu\u2019il lui montre un visage bienveillant et plein de gr\u00e2ce\u00a0! Que Dieu lui manifeste sa bont\u00e9 et qu\u2019il lui accorde la paix ! (cf. Nb 6, 24-26).<\/p>\n<p>2.\u00a0 R\u00e9unis en Assembl\u00e9e pl\u00e9ni\u00e8re extraordinaire \u00e0 Kinshasa du 09 au 11 janvier 2012, Nous, Cardinal, Archev\u00eaques et Ev\u00eaques, membres de la Conf\u00e9rence Episcopale Nationale du Congo (CENCO), avons, dans un travail concert\u00e9, analys\u00e9 le rapport d\u2019observation \u00e9lectorale men\u00e9e par notre Eglise. Dans la pri\u00e8re et dans la foi en l\u2019avenir heureux de notre pays, nous adressons ce message \u00e0 nos fid\u00e8les et \u00e0 l\u2019ensemble du peuple congolais pour tirer des le\u00e7ons du processus \u00e9lectoral en cours.<\/p>\n<p><strong> Acquis du processus \u00e9lectoral<\/strong><\/p>\n<p>3. Nous saluons la d\u00e9termination de notre peuple qui, le 28 novembre 2011, a fait preuve de maturit\u00e9 et de civisme en se rendant nombreux aux urnes et parfois dans des conditions p\u00e9nibles pour d\u00e9signer souverainement ses gouvernants. Nous f\u00e9licitons notre Gouvernement qui a r\u00e9ussi \u00e0 financer en grande partie ces \u00e9lections. Cela montre que nous pouvons r\u00e9ussir la construction de notre pays si nous y mettons les moyens et la bonne volont\u00e9. Nous ne saurions taire les efforts d\u00e9ploy\u00e9s par la CENI pour r\u00e9ussir, d\u2019un point de vue logistique, le d\u00e9ploiement des mat\u00e9riels \u00e9lectoraux en bravant bien des d\u00e9fis dans notre vaste pays aux infrastructures de communications d\u00e9fectueuses. Nous f\u00e9licitons \u00e9galement tous les observateurs et t\u00e9moins \u00e9lectoraux qui ont consenti de multiples sacrifices pour remplir leur t\u00e2che.<\/p>\n<p>&nbsp;<\/p>\n<p><strong>D\u00e9faillances<\/strong><\/p>\n<p>4. Cependant, le traitement du fruit de ce travail a d\u00e9\u00e7u plus d\u2019un congolais. Dans notre message du 25 f\u00e9vrier 2011, intitul\u00e9 \u00ab\u00a0<em>Ann\u00e9e \u00e9lectorale\u00a0: Que devons-nous faire\u00a0?<\/em> <em>(Ac 2, 37)\u00a0\u00bb<\/em>, nous souhaitions vivement que ces \u00e9lections\u00a0 se d\u00e9roulent dans la transparence, la v\u00e9rit\u00e9 et la paix afin d\u2019inscrire notre pays dans le registre des nations respectables et dignes<a href=\"http:\/\/www.cenco.cd\/index.php\/actualite\/265-le-peuple-congolais-a-faim-et-soif-de-justice-et-de-paix.html#_ftn1\">[1]<\/a>. Dans <em>l\u2019Appel du 3 d\u00e9cembre 2011<\/em>, <strong>la CENCO, tout en rappelant qu\u2019elle n\u2019avait pas pour objectif de publier des r\u00e9sultats que, par ailleurs, sa mission d\u2019observation \u00e9lectorale n\u2019a pas<\/strong>, <strong>invitait le peuple congolais, les acteurs politiques et la CENI \u00e0 s\u2019en tenir imp\u00e9rativement \u00e0 la v\u00e9rit\u00e9 des urnes<\/strong>. Dans la <em>Mise au point de son Secr\u00e9tariat g\u00e9n\u00e9ral, le 8 d\u00e9cembre 2011<\/em>, la CENCO a relev\u00e9 des \u00e9l\u00e9ments positifs du processus \u00e9lectoral mais aussi elle a \u00e9pingl\u00e9 des irr\u00e9gularit\u00e9s et des faiblesses\u00a0 inqui\u00e9tantes. C\u2019est dans cette m\u00eame logique que, le 12 d\u00e9cembre 2011, s\u2019inscrivait <em>la D\u00e9claration du Cardinal <\/em>Archev\u00eaque de Kinshasa qui,\u00a0 au vu de ces irr\u00e9gularit\u00e9s et faiblesses, a\u00a0 d\u00e9nonc\u00e9 la non conformit\u00e9 \u00e0 la v\u00e9rit\u00e9 et \u00e0 la justice des r\u00e9sultats provisoires publi\u00e9s par la CENI.<\/p>\n<p>5. \u00a0Aujourd\u2019hui, il ressort du\u00a0 rapport final de la mission d\u2019observation \u00e9lectorale de la CENCO et des t\u00e9moignages recueillis de divers dioc\u00e8ses et d\u2019autres sources que le processus \u00e9lectoral s\u2019est d\u00e9roul\u00e9, \u00e0 beaucoup d\u2019endroits, dans un climat chaotique. L\u2019on a not\u00e9 plusieurs d\u00e9faillances, des cas de tricheries av\u00e9r\u00e9es et vraisemblablement planifi\u00e9es, de nombreux incidents malheureux entra\u00eenant mort d\u2019homme, des cafouillages, et, \u00e0 certains endroits, un climat de terreur entretenu et exploit\u00e9 \u00e0 dessein pour bourrer les urnes. Ce n\u2019est pas tout. <strong>Ce qui se passe pr\u00e9sentement au niveau de la compilation des r\u00e9sultats des \u00e9lections l\u00e9gislatives est inacceptable. C\u2019est une honte pour notre pays<\/strong>.<\/p>\n<p>6. \u00a0Eu \u00e9gard \u00e0 ce qui pr\u00e9c\u00e8de, <strong>nous estimons que le processus \u00e9lectoral a \u00e9t\u00e9 entach\u00e9 de graves irr\u00e9gularit\u00e9s qui remettent en question la cr\u00e9dibilit\u00e9 des r\u00e9sultats publi\u00e9s. Nous demandons aux organisateurs d\u2019avoir le courage et l\u2019honn\u00eatet\u00e9 de tirer les cons\u00e9quences qui s\u2019imposent<\/strong>. Car, reconna\u00eetre ses erreurs est une preuve de grandeur. Mais si l\u2019on prend le risque de continuer \u00e0 <strong>gouverner le pays par d\u00e9fi<\/strong>, les tensions int\u00e9rieures plus ou moins ma\u00eetris\u00e9es \u00e0 court terme culmineraient, t\u00f4t ou tard, dans une crise grave et difficile \u00e0 d\u00e9nouer. Il est donc indiqu\u00e9 que dans une d\u00e9marche inclusive, l\u2019on privil\u00e9gie la voie du dialogue pour l\u2019int\u00e9r\u00eat sup\u00e9rieur de la nation congolaise. C\u2019est l\u2019heure du courage de la v\u00e9rit\u00e9.<\/p>\n<p><strong>Notre mission proph\u00e9tique<\/strong><\/p>\n<p>7. Fid\u00e8les \u00e0 notre mission de guetteurs pour le peuple de Dieu (cf. Ez 3, 17), nous d\u00e9gageons de ce processus plusieurs d\u00e9fis \u00e0 relever pour l\u2019avenir en vue de l\u2019av\u00e8nement d\u2019un Etat de droit en RD Congo et pour le bien-\u00eatre de sa population. Ce faisant, nous n\u2019entendons pas prendre en main la bataille politique pour \u00e9difier une soci\u00e9t\u00e9 la plus juste possible. Nous ne plaidons pas non plus pour un parti politique. Comme le recommande le Pape Beno\u00eet XVI, \u00ab<em> l\u2019Eglise ne peut ni ne doit se mettre \u00e0 la place de l\u2019Etat, mais elle ne peut et ne doit non plus rester \u00e0 l\u2019\u00e9cart dans la lutte pour la justice\u00bb<a href=\"http:\/\/www.cenco.cd\/index.php\/actualite\/265-le-peuple-congolais-a-faim-et-soif-de-justice-et-de-paix.html#_ftn2\"><strong>[2]<\/strong><\/a><\/em>. C\u2019est pourquoi,\u00a0 \u00ab <em>dans son r\u00f4le proph\u00e9tique, chaque fois que le peuple crie vers elle\u00a0: \u00abVeilleurs o\u00f9 en est la nuit\u00a0\u00bb\u00a0? (Is 21, 11), l\u2019Eglise d\u00e9sire \u00eatre pr\u00eate \u00e0 rendre raison de l\u2019esp\u00e9rance qu\u2019elle porte en elle (cf. 1P 3, 15) car une aube nouvelle pointe \u00e0 l\u2019horizon (Ap 22, 5)\u00a0\u00bb<a href=\"http:\/\/www.cenco.cd\/index.php\/actualite\/265-le-peuple-congolais-a-faim-et-soif-de-justice-et-de-paix.html#_ftn3\"><strong>[3]<\/strong><\/a><\/em>.<strong><em> <\/em><\/strong>Et nous faisons n\u00f4tre cet appel du Pape Beno\u00eet XVI<em>, \u00ab\u00a0A cause du Christ et par fid\u00e9lit\u00e9 \u00e0 sa le\u00e7on de vie, notre Eglise\u00a0 se sent pouss\u00e9e \u00e0 \u00eatre pr\u00e9sente l\u00e0 o\u00f9 l\u2019humanit\u00e9 conna\u00eet la souffrance et \u00e0 se faire l\u2019\u00e9cho du cri silencieux des innocents pers\u00e9cut\u00e9s, ou des peuples dont des gouvernements hypoth\u00e8quent le pr\u00e9sent et l\u2019avenir au nom d\u2019int\u00e9r\u00eats personnels<strong> \u00bb<a href=\"http:\/\/www.cenco.cd\/index.php\/actualite\/265-le-peuple-congolais-a-faim-et-soif-de-justice-et-de-paix.html#_ftn4\"><strong>[4]<\/strong><\/a>.<\/strong><\/em><\/p>\n<p>8. \u00a0A cet effet, nous ne nous lasserons pas de d\u00e9noncer tout ce qui met en p\u00e9ril l\u2019\u00e9dification d\u2019un Etat d\u00e9mocratique. <strong>L\u2019on ne construit pas un Etat de droit dans une culture de tricherie, de mensonge et de terreur, de militarisation et d\u2019atteinte flagrante \u00e0 la libert\u00e9 d\u2019expression<\/strong>. Si la d\u00e9mocratie est un pouvoir du peuple par le peuple et pour le peuple, l\u2019on doit respecter ce peuple. Dans le contexte actuel, <strong>le peuple meurtri et frustr\u00e9, assiste impuissant \u00e0 un processus qui ne refl\u00e8te toujours pas sa volont\u00e9 et qui s\u2019apparente par endroits \u00e0 un arrangement entre certains\u00a0 acteurs politiques<\/strong>.<\/p>\n<p>&nbsp;<\/p>\n<p>&nbsp;<\/p>\n<p><strong>La paix dans la v\u00e9rit\u00e9<\/strong><\/p>\n<p>9. \u00ab\u00a0<em>L\u2019Eglise a une mission de v\u00e9rit\u00e9 \u00e0 remplir, une mission imp\u00e9rative, c\u2019est un service rendu \u00e0 la v\u00e9rit\u00e9 qui lib\u00e8re<\/em> \u00bb<a href=\"http:\/\/www.cenco.cd\/index.php\/actualite\/265-le-peuple-congolais-a-faim-et-soif-de-justice-et-de-paix.html#_ftn5\">[5]<\/a>. Le processus \u00e9lectoral devrait permettre la consolidation de la culture d\u00e9mocratique et la pacification du pays. <strong>Nous voulons la paix<\/strong>.<strong> Mais, celle-ci a des exigences auxquelles l\u2019on ne saurait d\u00e9roger, notamment la v\u00e9rit\u00e9, la justice et le respect du peuple<\/strong>. C\u2019est au nom de la paix que l\u2019Eglise ne cesse d\u2019inviter les dirigeants congolais \u00e0 la justice et \u00e0 l\u2019amour de la v\u00e9rit\u00e9. De quelles valeurs en effet sera p\u00e9trie notre jeunesse si, \u00e0 longueur de journ\u00e9e, on ne lui offre que le spectacle d\u2019antivaleurs\u00a0?<\/p>\n<p><strong>Atteinte \u00e0 l\u2019int\u00e9grit\u00e9 et \u00e0 la dignit\u00e9 des personnes<\/strong><\/p>\n<p>10. Dans ce contexte, nous condamnons la campagne orchestr\u00e9e publiquement contre le Cardinal. Ce d\u00e9ferlement d\u2019injures a choqu\u00e9 aussi bien les fid\u00e8les catholiques que d\u2019autres personnes. Il atteste l\u2019\u00e9mergence d\u2019une pens\u00e9e unique qui tend \u00e0 museler toute opinion contraire. De m\u00eame, nous condamnons les insultes et les menaces \u00e0 l\u2019endroit du Pr\u00e9sident de la CENCO. Nous rappelons que le d\u00e9bat d\u2019id\u00e9es en d\u00e9mocratie n\u2019autorise pas des attaques personnelles.<\/p>\n<p>11. Nous ne pouvons pas nous taire devant ces d\u00e9rives\u00a0et bien d\u2019autres que nous d\u00e9sapprouvons: des menaces physiques, des atteintes aux droits humains, des enl\u00e8vements et des intimidations, la confiscation des moyens publics de communication par une famille politique. A cause de leurs opinions, des Ev\u00eaques, des eccl\u00e9siastiques et des paisibles citoyens ont \u00e9t\u00e9 et restent encore victimes de ces menaces.<\/p>\n<p>12. Nous invitons nos fid\u00e8les catholiques et le peuple congolais dans son ensemble \u00e0 la non-violence car la violence appelle la violence. Elle engendre la destruction et la mis\u00e8re. En ce sens, <strong>nous demandons \u00e0 nos compatriotes vivant \u00e0 l\u2019\u00e9tranger, avec qui nous partageons le souci pour un Congo nouveau, et dont nous reconnaissons les sacrifices qu\u2019ils endurent pour venir en aide \u00e0 ceux qui sont au pays, de ne pas recourir \u00e0 la violence et de trouver les voies pacifiques pour apporter leur contribution \u00e0 la construction d\u2019un Congo r\u00e9ellement d\u00e9mocratique<\/strong>. A l\u2019exemple de notre divin Ma\u00eetre, nous devons r\u00e9pondre \u00e0 la violence par l\u2019amour (cf. Mt 5, 43-44).<\/p>\n<p><strong>Recommandations<\/strong><\/p>\n<p>13. \u00a0Nous recommandons\u00a0:<\/p>\n<p>&#8211; \u00a0\u00a0<strong><em>Au Peuple congolais tout entier<\/em><\/strong><em>,<\/em> de ne c\u00e9der ni au pessimisme, ni au d\u00e9sespoir, ni \u00e0 la violence, ni au tribalisme, ni \u00e0 la x\u00e9nophobie mais, de s\u2019unir autour des valeurs chr\u00e9tiennes et d\u00e9mocratiques de justice et de v\u00e9rit\u00e9, <strong>de cro\u00eetre dans la conscience de son unit\u00e9 nationale<\/strong> et de son pouvoir de souverain primaire afin de l\u2019exercer en toute vigilance et dans la l\u00e9galit\u00e9\u00a0;<\/p>\n<p>&#8211; \u00a0\u00a0<strong><em>Aux Acteurs politiques<\/em><\/strong><em>,<\/em> de faire preuve de <strong>maturit\u00e9 politique<\/strong>, <strong>d\u2019avoir la capacit\u00e9 de s\u2019organiser pour assumer pleinement leur responsabilit\u00e9<\/strong>; d\u2019\u00e9lever le d\u00e9bat politique en mettant fin \u00e0 des injures et des mensonges et en se souciant de l\u2019\u00e9ducation civique de la population\u00a0et de son bien-\u00eatre;<\/p>\n<p>&#8211; \u00a0\u00a0<strong><em>A l\u2019Equipe actuelle de la CENI<\/em><\/strong><em>,<\/em> d\u2019avoir <strong>le courage de se remettre en question<\/strong>, de corriger imp\u00e9rativement les graves erreurs fustig\u00e9es qui ont entam\u00e9 la confiance de la population en cette institution, sinon <strong>de d\u00e9missionner<\/strong> ;<\/p>\n<p>&#8211; \u00a0\u00a0<strong><em>Au Parlement,<\/em><\/strong> de revoir de toute urgence la composition de la CENI qui ne jouit plus de la confiance de la population et d\u2019y <strong>int\u00e9grer la repr\u00e9sentation de la Soci\u00e9t\u00e9 civile pour plus d\u2019ind\u00e9pendance<\/strong>; en outre, de se r\u00e9aliser que <strong>le peuple n\u2019admettra aucune tentative de modifier les articles verrouill\u00e9s de la Constitution\u00a0;<\/strong><\/p>\n<p><strong>&#8211; \u00a0\u00a0<em>Au Gouvernement,<\/em><\/strong> de tirer des le\u00e7ons de cette d\u00e9b\u00e2cle \u00e9lectorale, de pr\u00e9voir les moyens pour les \u00e9lections \u00e0 venir et de les lib\u00e9rer \u00e0 temps pour un meilleur d\u00e9roulement\u00a0; <strong>d\u2019arr\u00eater de puiser dans le tr\u00e9sor public pour des int\u00e9r\u00eats personnels et de prendre conscience que le peuple veut le changement<\/strong>;<\/p>\n<p>&#8211; \u00a0<strong><em>A la Police nationale et aux Forces arm\u00e9es,<\/em><\/strong> de faire preuve de professionnalisme, de prot\u00e9ger la population et surtout de ne pas ob\u00e9ir aux ordres injustes;<\/p>\n<p>&#8211;<strong> <em>A la Cour Supr\u00eame de Justice,<\/em><\/strong> de dire le droit <strong>en conscience et en toute ind\u00e9pendance <\/strong>dans le traitement des contentieux \u00e9lectoraux. Car, il en va de la cr\u00e9dibilit\u00e9 du Pouvoir judiciaire dans notre pays\u00a0;<\/p>\n<p>&#8211; \u00a0\u00a0<strong><em>A la Communaut\u00e9 internationale,<\/em><\/strong> de privil\u00e9gier l\u2019int\u00e9r\u00eat du peuple congolais, de ne pas \u00eatre complaisante, d\u2019appuyer le peuple congolais dans sa recherche de la justice et de la paix et de le respecter dans son auto-d\u00e9termination.<\/p>\n<p>&nbsp;<\/p>\n<p><strong>Conclusion<\/strong><\/p>\n<p>14. \u00a0Notre pays traverse \u00e0 l\u2019heure actuelle un temps d\u2019incertitude et d\u2019angoisse<em>.<\/em> Notre foi en Dieu et notre confiance en l\u2019homme, cr\u00e9\u00e9 \u00e0 l\u2019image de Dieu, nous convainquent que cette incertitude et cette angoisse peuvent \u00eatre d\u00e9pass\u00e9es moyennant un changement de c\u0153ur, de mentalit\u00e9 et de pratiques. <strong>Il faut l\u2019amour du pays, la volont\u00e9 de renoncer \u00e0 des int\u00e9r\u00eats \u00e9go\u00efstes pour rechercher, dans le dialogue, les voies pour b\u00e2tir la paix en\u00a0 RD Congo. Mais la paix que nous voulons, est celle qui trouve sa source dans la justice et l\u2019amour de la v\u00e9rit\u00e9. Car, la paix des hommes qui s\u2019obtient sans la justice est illusoire et \u00e9ph\u00e9m\u00e8re<\/strong>. La justice des hommes qui ne prend pas sa source dans la r\u00e9conciliation par la v\u00e9rit\u00e9 de l\u2019amour demeure inachev\u00e9e. C\u2019est l\u2019amour et le courage de la v\u00e9rit\u00e9 qui tracent le chemin de la\u00a0\u00a0 justice et de la paix v\u00e9ritables, celle que nous voulons pour la RD Congo.<\/p>\n<p>15. Que la pri\u00e8re de la Tr\u00e8s Sainte Vierge Marie, Reine de la paix et Notre-Dame du Congo, dont le c\u0153ur est toujours orient\u00e9 vers la volont\u00e9 de Dieu, soutienne toute volont\u00e9 de conversion, qu\u2019elle consolide toute initiative de r\u00e9conciliation, de dialogue et affermisse tout effort en faveur d\u2019un Congo\u00a0 qui a faim et soif de justice et de paix.<\/p>\n<p>Fait \u00e0 Kinshasa, le 11 janvier 2012<\/p>\n<p>&nbsp;<\/p>\n<hr size=\"1\" width=\"33%\" \/>\n<p><a href=\"http:\/\/www.cenco.cd\/index.php\/actualite\/265-le-peuple-congolais-a-faim-et-soif-de-justice-et-de-paix.html#_ftnref1\">[1]<\/a> Cf. CENCO, <em>Ann\u00e9e \u00e9lectorale\u00a0: Que devons-nous faire\u00a0? (Ac 2,37),<\/em> n\u00b0 23.<\/p>\n<p><a href=\"http:\/\/www.cenco.cd\/index.php\/actualite\/265-le-peuple-congolais-a-faim-et-soif-de-justice-et-de-paix.html#_ftnref2\">[2]<\/a> Beno\u00eet XVI, Lettre encyclique <em>Deus caritas est<\/em>, n\u00b0 28.<\/p>\n<p><a href=\"http:\/\/www.cenco.cd\/index.php\/actualite\/265-le-peuple-congolais-a-faim-et-soif-de-justice-et-de-paix.html#_ftnref3\">[3]<\/a> Beno\u00eet XVI, Exhortation apostolique post-synodale <em>Africae munus<\/em>, n\u00b0 30.<\/p>\n<p><a href=\"http:\/\/www.cenco.cd\/index.php\/actualite\/265-le-peuple-congolais-a-faim-et-soif-de-justice-et-de-paix.html#_ftnref4\">[4]<\/a> Beno\u00eet XVI, Exhortation apostolique post-synodale <em>Africae munus, <\/em>n\u00b0 30<em>.<\/em><\/p>\n<p><a href=\"http:\/\/www.cenco.cd\/index.php\/actualite\/265-le-peuple-congolais-a-faim-et-soif-de-justice-et-de-paix.html#_ftnref5\">[5]<\/a> Beno\u00eet XVI, Exhortation apostolique post-synodale <em>Africae munus, <\/em>n\u00b0 22.\t\t<\/p>\n","protected":false},"excerpt":{"rendered":"<p>Source : Conf\u00e9d\u00e9ration Episcopale Nationale du Congo (CENCO). Le courage de la v\u00e9rit\u00e9 (cf. 2Cor7, 14) Message de l\u2019Assembl\u00e9e pl\u00e9ni\u00e8re extraordinaire de la CENCO aux fid\u00e8les catholiques et \u00e0 l\u2019ensemble du peuple congolais &nbsp; Introduction 1. \u00a0En ce d\u00e9but de l\u2019ann\u00e9e 2012, que Dieu b\u00e9nisse le peuple congolais et qu\u2019il le garde\u00a0! Qu\u2019il lui montre [&hellip;]<\/p>\n","protected":false},"author":1,"featured_media":1193,"comment_status":"open","ping_status":"open","sticky":false,"template":"","format":"standard","meta":{"_acf_changed":false,"content-type":"","footnotes":""},"categories":[148,122],"tags":[],"class_list":["post-1192","post","type-post","status-publish","format-standard","has-post-thumbnail","hentry","category-documents-presse","category-news-alertes"],"acf":[],"_links":{"self":[{"href":"https:\/\/congolobilelo.com\/IN\/wp-json\/wp\/v2\/posts\/1192","targetHints":{"allow":["GET"]}}],"collection":[{"href":"https:\/\/congolobilelo.com\/IN\/wp-json\/wp\/v2\/posts"}],"about":[{"href":"https:\/\/congolobilelo.com\/IN\/wp-json\/wp\/v2\/types\/post"}],"author":[{"embeddable":true,"href":"https:\/\/congolobilelo.com\/IN\/wp-json\/wp\/v2\/users\/1"}],"replies":[{"embeddable":true,"href":"https:\/\/congolobilelo.com\/IN\/wp-json\/wp\/v2\/comments?post=1192"}],"version-history":[{"count":0,"href":"https:\/\/congolobilelo.com\/IN\/wp-json\/wp\/v2\/posts\/1192\/revisions"}],"wp:featuredmedia":[{"embeddable":true,"href":"https:\/\/congolobilelo.com\/IN\/wp-json\/"}],"wp:attachment":[{"href":"https:\/\/congolobilelo.com\/IN\/wp-json\/wp\/v2\/media?parent=1192"}],"wp:term":[{"taxonomy":"category","embeddable":true,"href":"https:\/\/congolobilelo.com\/IN\/wp-json\/wp\/v2\/categories?post=1192"},{"taxonomy":"post_tag","embeddable":true,"href":"https:\/\/congolobilelo.com\/IN\/wp-json\/wp\/v2\/tags?post=1192"}],"curies":[{"name":"wp","href":"https:\/\/api.w.org\/{rel}","templated":true}]}}