{"id":1133,"date":"2012-01-10T19:32:28","date_gmt":"2012-01-10T19:32:28","guid":{"rendered":"http:\/\/www.ingeta.com\/?p=1133"},"modified":"2012-01-10T19:32:28","modified_gmt":"2012-01-10T19:32:28","slug":"di-rupo-felicite-lensemble-des-des-forces-congolaises-apres-les-elections","status":"publish","type":"post","link":"https:\/\/congolobilelo.com\/IN\/di-rupo-felicite-lensemble-des-des-forces-congolaises-apres-les-elections\/","title":{"rendered":"Di Rupo f\u00e9licite l'&#8221;ensemble des forces congolaises&#8221; apr\u00e8s les \u00e9lections"},"content":{"rendered":"<p>\t\t\t\tSource: <a href=\"http:\/\/www.dhnet.be\/infos\/monde\/article\/381636\/di-rupo-felicite-l-ensemble-des-des-forces-congolaises-apres-les-elections.html\">La Derni\u00e8ree Heure\/Les Sports<\/a><\/p>\n<div id=\"articleText\">\n<p><strong>Le Premier ministre a adress\u00e9 un message publi\u00e9 par la t\u00e9l\u00e9vision congolaise<\/strong><\/p>\n<p><strong><img loading=\"lazy\" decoding=\"async\" class=\"alignleft size-full wp-image-1134\" title=\"Di Rupio\" src=\"http:\/\/www.ingeta.com\/wp-content\/uploads\/2012\/01\/Dirupio.jpg\" alt=\"\" width=\"280\" height=\"215\" \/>BRUXELLES<\/strong> Le Premier ministre Elio Di Rupo a f\u00e9licit\u00e9 l'&#8221;ensemble des forces congolaises pour la tenue des \u00e9lections&#8221; du 28 novembre dernier qui ont reconduit le pr\u00e9sident sortant Joseph Kabila pour un nouveau mandat de cinq ans \u00e0 la t\u00eate de la R\u00e9publique d\u00e9mocratique du Congo (RDC), dans un message publi\u00e9 par la t\u00e9l\u00e9vision congolaise et dont le contenu a \u00e9t\u00e9 confirm\u00e9 par le cabinet de M. Di Rupo.<\/p>\n<p>&#8220;Comme vous le savez, la Belgique est engag\u00e9e aux c\u00f4t\u00e9s du peuple congolais sur la voie du renforcement de la d\u00e9mocratie&#8221;, indique le chef du gouvernement dans ce message dat\u00e9 du 3 janvier.<\/p>\n<p>&#8220;Au moment o\u00f9 je viens de prendre mes fonctions en qualit\u00e9 de Premier ministre, je souhaite f\u00e9liciter l&#8217;ensemble des forces congolaises pour la tenue des \u00e9lections qui vous reconduisent au poste de Pr\u00e9sident de la R\u00e9publique D\u00e9mocratique du Congo&#8221;, ajoute ce bref texte.<\/p>\n<p>&#8220;Avec la communaut\u00e9 internationale, je reste \u00e0 vos c\u00f4t\u00e9s pour aider le peuple congolais \u00e0 r\u00e9pondre aux aspirations qu&#8217;il exprime en mati\u00e8re de progr\u00e8s social&#8221;, poursuit M. Di Rupo dans ce message, qualifi\u00e9 de &#8220;d\u00e9marche diplomatique habituelle&#8221; apr\u00e8s l&#8217;\u00e9lection d&#8217;un nouveau chef d&#8217;Etat dans un autre pays.<\/p>\n<p>&#8220;Je saisis cette occasion pour vous pr\u00e9senter, Monsieur le Pr\u00e9sident, l&#8217;assurance de ma plus haute consid\u00e9ration&#8221;, a conclu M. Ri Rupo.<\/p>\n<\/div>\n<p id=\"articleCopyright\">\u00a9 La Derni\u00e8re Heure 2012<\/p>\n","protected":false},"excerpt":{"rendered":"<p>Source: La Derni\u00e8ree Heure\/Les Sports Le Premier ministre a adress\u00e9 un message publi\u00e9 par la t\u00e9l\u00e9vision congolaise BRUXELLES Le Premier ministre Elio Di Rupo a f\u00e9licit\u00e9 l&#8217;&#8221;ensemble des forces congolaises pour la tenue des \u00e9lections&#8221; du 28 novembre dernier qui ont reconduit le pr\u00e9sident sortant Joseph Kabila pour un nouveau mandat de cinq ans \u00e0 [&hellip;]<\/p>\n","protected":false},"author":1,"featured_media":1134,"comment_status":"open","ping_status":"open","sticky":false,"template":"","format":"standard","meta":{"_acf_changed":false,"content-type":"","footnotes":""},"categories":[122,124],"tags":[],"class_list":["post-1133","post","type-post","status-publish","format-standard","has-post-thumbnail","hentry","category-news-alertes","category-politique-societe"],"acf":[],"_links":{"self":[{"href":"https:\/\/congolobilelo.com\/IN\/wp-json\/wp\/v2\/posts\/1133","targetHints":{"allow":["GET"]}}],"collection":[{"href":"https:\/\/congolobilelo.com\/IN\/wp-json\/wp\/v2\/posts"}],"about":[{"href":"https:\/\/congolobilelo.com\/IN\/wp-json\/wp\/v2\/types\/post"}],"author":[{"embeddable":true,"href":"https:\/\/congolobilelo.com\/IN\/wp-json\/wp\/v2\/users\/1"}],"replies":[{"embeddable":true,"href":"https:\/\/congolobilelo.com\/IN\/wp-json\/wp\/v2\/comments?post=1133"}],"version-history":[{"count":0,"href":"https:\/\/congolobilelo.com\/IN\/wp-json\/wp\/v2\/posts\/1133\/revisions"}],"wp:featuredmedia":[{"embeddable":true,"href":"https:\/\/congolobilelo.com\/IN\/wp-json\/"}],"wp:attachment":[{"href":"https:\/\/congolobilelo.com\/IN\/wp-json\/wp\/v2\/media?parent=1133"}],"wp:term":[{"taxonomy":"category","embeddable":true,"href":"https:\/\/congolobilelo.com\/IN\/wp-json\/wp\/v2\/categories?post=1133"},{"taxonomy":"post_tag","embeddable":true,"href":"https:\/\/congolobilelo.com\/IN\/wp-json\/wp\/v2\/tags?post=1133"}],"curies":[{"name":"wp","href":"https:\/\/api.w.org\/{rel}","templated":true}]}}