{"id":1093,"date":"2012-01-09T01:38:28","date_gmt":"2012-01-09T01:38:28","guid":{"rendered":"http:\/\/www.ingeta.com\/?p=1093"},"modified":"2012-01-09T01:38:28","modified_gmt":"2012-01-09T01:38:28","slug":"rdc-long-la-voix-des-sans-voix-publie-un-rapport-sur-les-elections","status":"publish","type":"post","link":"https:\/\/congolobilelo.com\/IN\/rdc-long-la-voix-des-sans-voix-publie-un-rapport-sur-les-elections\/","title":{"rendered":"RDC : l&#8217;ONG La Voix des Sans-Voix publie un rapport sur les \u00e9lections"},"content":{"rendered":"<p>\t\t\t\t<a href=\"http:\/\/www.ingeta.com\/wp-content\/uploads\/2012\/01\/Ngoy.jpg\"><img loading=\"lazy\" decoding=\"async\" class=\"alignleft size-medium wp-image-1097\" title=\"Ngoy\" src=\"http:\/\/www.ingeta.com\/wp-content\/uploads\/2012\/01\/Ngoy-300x168.jpg\" alt=\"\" width=\"300\" height=\"168\" \/><\/a>Par RFI<\/p>\n<p>Une ONG influente en R\u00e9publique d\u00e9mocratique du Congo, La Voix des Sans-Voix, a pr\u00e9sent\u00e9 ce dimanche 8 janvier 2012 son rapport final sur le r\u00e9cent processus \u00e9lectoral dans le pays.<\/p>\n<p>D\u00e9non\u00e7ant les fraudes, elle demande d\u00e9sormais aux leaders politiques d\u2019engager un dialogue en vue de sortir de l\u2019actuelle crise politique et d\u2019envisager la tenue de nouvelles \u00e9lections.<\/p>\n<p>Apr\u00e8s avoir list\u00e9 les fraudes rapport\u00e9es par les observateurs sur le terrain, Rostin Manketa, le directeur adjoint de La Voix des Sans-Voix, a clairement remis en cause les scrutins pr\u00e9sidentiel et l\u00e9gislatifs : \u00ab Lesdites \u00e9lections n&#8217;ont pas \u00e9t\u00e9 transparentes et par cons\u00e9quent, non cr\u00e9dibles, au grand dam de la population congolaise d\u00e9sillusionn\u00e9e par la boulimie du pouvoir de ses acteurs politiques \u00bb.<\/p>\n<p>Le directeur de La Voix des Sans-Voix, Dolly Ibefo, appellent donc le pr\u00e9sident Kabila et son principal opposant Etienne Tshisekedi \u00e0 engager un dialogue. \u00ab Nous nous trouvons dans une situation o\u00f9 il y a une crise r\u00e9elle de l\u00e9gitimit\u00e9. Je crois que le dialogue peut r\u00e9soudre cette crise \u00bb, affirme-t-il.<\/p>\n<p>Dans la foul\u00e9e de ce dialogue, La Voix des Sans-Voix demande un nouveau processus \u00e9lectoral dans des d\u00e9lais raisonnables. \u00ab L&#8217;organisation d&#8217;\u00e9lections cr\u00e9dibles sous la supervision de nouveaux animateurs impartiaux de la C\u00e9ni et la certification des r\u00e9sultats par la communaut\u00e9 internationale \u00bb, pr\u00e9cise Rostin Manketa<\/p>\n<p>Apr\u00e8s des semaines de bras de fer politiques, difficile de croire \u00e0 une table ronde entre les leaders de la vie politique congolaise. De son c\u00f4t\u00e9, la commission \u00e9lectorale compte toujours donner les r\u00e9sultats des l\u00e9gislatives le 13 janvier.\t\t<\/p>\n","protected":false},"excerpt":{"rendered":"<p>Par RFI Une ONG influente en R\u00e9publique d\u00e9mocratique du Congo, La Voix des Sans-Voix, a pr\u00e9sent\u00e9 ce dimanche 8 janvier 2012 son rapport final sur le r\u00e9cent processus \u00e9lectoral dans le pays. D\u00e9non\u00e7ant les fraudes, elle demande d\u00e9sormais aux leaders politiques d\u2019engager un dialogue en vue de sortir de l\u2019actuelle crise politique et d\u2019envisager la [&hellip;]<\/p>\n","protected":false},"author":1,"featured_media":1096,"comment_status":"open","ping_status":"open","sticky":false,"template":"","format":"standard","meta":{"_acf_changed":false,"content-type":"","footnotes":""},"categories":[107,154,122],"tags":[],"class_list":["post-1093","post","type-post","status-publish","format-standard","has-post-thumbnail","hentry","category-analyses-commentaires","category-etudes-rapports","category-news-alertes"],"acf":[],"_links":{"self":[{"href":"https:\/\/congolobilelo.com\/IN\/wp-json\/wp\/v2\/posts\/1093","targetHints":{"allow":["GET"]}}],"collection":[{"href":"https:\/\/congolobilelo.com\/IN\/wp-json\/wp\/v2\/posts"}],"about":[{"href":"https:\/\/congolobilelo.com\/IN\/wp-json\/wp\/v2\/types\/post"}],"author":[{"embeddable":true,"href":"https:\/\/congolobilelo.com\/IN\/wp-json\/wp\/v2\/users\/1"}],"replies":[{"embeddable":true,"href":"https:\/\/congolobilelo.com\/IN\/wp-json\/wp\/v2\/comments?post=1093"}],"version-history":[{"count":0,"href":"https:\/\/congolobilelo.com\/IN\/wp-json\/wp\/v2\/posts\/1093\/revisions"}],"wp:featuredmedia":[{"embeddable":true,"href":"https:\/\/congolobilelo.com\/IN\/wp-json\/"}],"wp:attachment":[{"href":"https:\/\/congolobilelo.com\/IN\/wp-json\/wp\/v2\/media?parent=1093"}],"wp:term":[{"taxonomy":"category","embeddable":true,"href":"https:\/\/congolobilelo.com\/IN\/wp-json\/wp\/v2\/categories?post=1093"},{"taxonomy":"post_tag","embeddable":true,"href":"https:\/\/congolobilelo.com\/IN\/wp-json\/wp\/v2\/tags?post=1093"}],"curies":[{"name":"wp","href":"https:\/\/api.w.org\/{rel}","templated":true}]}}