{"id":1069,"date":"2012-01-08T10:47:31","date_gmt":"2012-01-08T10:47:31","guid":{"rendered":"http:\/\/www.ingeta.com\/?p=1069"},"modified":"2012-01-08T10:47:31","modified_gmt":"2012-01-08T10:47:31","slug":"leglise-catholique-durcit-le-ton-en-rdc","status":"publish","type":"post","link":"https:\/\/congolobilelo.com\/IN\/leglise-catholique-durcit-le-ton-en-rdc\/","title":{"rendered":"L&#8217;Eglise catholique durcit le ton en RDC"},"content":{"rendered":"<p>\t\t\t\tSource: <a href=\"http:\/\/www.rfi.fr\/afrique\/20120108-eglise-catholique-durcit-le-ton-rdc\">RFI<\/a>.<\/p>\n<p><strong>En pr\u00e9vision des assises de la Conf\u00e9rence \u00e9piscopale nationale du Congo, pr\u00e9vues \u00e0 partir de lundi, le clerg\u00e9 congolais, solidaire avec son cardinal Monsengwo Laurent Pasinya, annonce qu&#8217;il se battra pour le respect de la l\u00e9galit\u00e9 et de la l\u00e9gitimit\u00e9. Des actions non violentes seront \u00e9galement \u00e0 l&#8217;ordre du jour.<\/strong><br \/>\n<img loading=\"lazy\" decoding=\"async\" class=\"alignleft size-full wp-image-1070\" title=\"Le Cardinal Monsengwo\" src=\"http:\/\/www.ingeta.com\/wp-content\/uploads\/2012\/01\/monsengwo.jpg\" alt=\"Le Cardinal Monsengwo\" width=\"343\" height=\"257\" \/><br \/>\nCe n\u2019est pas un hasard si le clerg\u00e9 a choisi la paroisse Saint-Joseph de Matonge pour d\u00e9clarer sa solidarit\u00e9 au Cardinal Monsengwo Pasinya Laurent. C\u2019est tout un symbole.<\/p>\n<p>Sous le r\u00e9gime du mar\u00e9chal Mobutu, ce lieu situ\u00e9 au centre de Kinshasa, avait accueilli le 16 f\u00e9vrier 1992, des corps des victimes, tomb\u00e9es lors de la marche pacifique des chr\u00e9tiens, manifestation \u00e0 l&#8217;appel des pr\u00eatres et des la\u00efques, avec une forte participation de la soci\u00e9t\u00e9 civile, afin de r\u00e9clamer la r\u00e9ouverture de la Conf\u00e9rence nationale souveraine.<\/p>\n<p>Aujourd\u2019hui, c\u2019est en ce m\u00eame endroit que l\u2019Eglise annonce des actions pacifiques, pour, encore une fois, d\u00e9crier ce que les clerg\u00e9s qualifient de \u00ab tricherie \u00e0 la pr\u00e9sidentielle \u00bb et revendiquer ce qu\u2019elle appelle \u00ab le r\u00e9tablissement de la v\u00e9rit\u00e9 des urnes \u00bb. Un document a \u00e9t\u00e9 distribu\u00e9 \u00e0 cet effet, \u00e0 la fin du culte ce samedi.<\/p>\n<p>Sur trois semaines, les fid\u00e8les devront \u00eatre pr\u00e9par\u00e9s \u00e0 des actions non violentes, des actions qui, on l\u2019esp\u00e8re, dans les lieux des catholiques congolais, devraient conduire au changement d\u2019attitude du pouvoir politique. Et il faut dire en tout cas que l\u2019Eglise catholique a, dans le pays, une forte capacit\u00e9 de mobilisation.\t\t<\/p>\n","protected":false},"excerpt":{"rendered":"<p>Source: RFI. En pr\u00e9vision des assises de la Conf\u00e9rence \u00e9piscopale nationale du Congo, pr\u00e9vues \u00e0 partir de lundi, le clerg\u00e9 congolais, solidaire avec son cardinal Monsengwo Laurent Pasinya, annonce qu&#8217;il se battra pour le respect de la l\u00e9galit\u00e9 et de la l\u00e9gitimit\u00e9. Des actions non violentes seront \u00e9galement \u00e0 l&#8217;ordre du jour. Ce n\u2019est pas [&hellip;]<\/p>\n","protected":false},"author":1,"featured_media":1070,"comment_status":"open","ping_status":"open","sticky":false,"template":"","format":"standard","meta":{"_acf_changed":false,"content-type":"","footnotes":""},"categories":[122,124],"tags":[],"class_list":["post-1069","post","type-post","status-publish","format-standard","has-post-thumbnail","hentry","category-news-alertes","category-politique-societe"],"acf":[],"_links":{"self":[{"href":"https:\/\/congolobilelo.com\/IN\/wp-json\/wp\/v2\/posts\/1069","targetHints":{"allow":["GET"]}}],"collection":[{"href":"https:\/\/congolobilelo.com\/IN\/wp-json\/wp\/v2\/posts"}],"about":[{"href":"https:\/\/congolobilelo.com\/IN\/wp-json\/wp\/v2\/types\/post"}],"author":[{"embeddable":true,"href":"https:\/\/congolobilelo.com\/IN\/wp-json\/wp\/v2\/users\/1"}],"replies":[{"embeddable":true,"href":"https:\/\/congolobilelo.com\/IN\/wp-json\/wp\/v2\/comments?post=1069"}],"version-history":[{"count":0,"href":"https:\/\/congolobilelo.com\/IN\/wp-json\/wp\/v2\/posts\/1069\/revisions"}],"wp:featuredmedia":[{"embeddable":true,"href":"https:\/\/congolobilelo.com\/IN\/wp-json\/"}],"wp:attachment":[{"href":"https:\/\/congolobilelo.com\/IN\/wp-json\/wp\/v2\/media?parent=1069"}],"wp:term":[{"taxonomy":"category","embeddable":true,"href":"https:\/\/congolobilelo.com\/IN\/wp-json\/wp\/v2\/categories?post=1069"},{"taxonomy":"post_tag","embeddable":true,"href":"https:\/\/congolobilelo.com\/IN\/wp-json\/wp\/v2\/tags?post=1069"}],"curies":[{"name":"wp","href":"https:\/\/api.w.org\/{rel}","templated":true}]}}