{"id":1066,"date":"2012-01-08T10:41:10","date_gmt":"2012-01-08T10:41:10","guid":{"rendered":"http:\/\/www.ingeta.com\/?p=1066"},"modified":"2012-01-08T10:41:10","modified_gmt":"2012-01-08T10:41:10","slug":"le-congo-est-notre-affaire-le-congo-est-mon-affaire","status":"publish","type":"post","link":"https:\/\/congolobilelo.com\/IN\/le-congo-est-notre-affaire-le-congo-est-mon-affaire\/","title":{"rendered":"&#8220;Le Congo est notre affaire, le Congo est mon affaire&#8221;"},"content":{"rendered":"<p>\t\t\t\t<em>Source: <a href=\"http:\/\/journalchretien.net\/21211-Une-messe-pour-le-retablissement-des-resultats-des-urnes-e-Rd-CONGO\">Le journal Chr\u00e9tien<\/a>.<\/em><br \/>\n<strong>MESSE DU SAMEDI 07\/01\/2012 EGLISE SAINT JOSEPH A MATONGE \u2013 UNE LITURGIE DE LA PAROLE ET DE L\u2019ENGAGEMENT CHRETIEN POUR SAUVER LE CONGO<\/strong><br \/>\n<img loading=\"lazy\" decoding=\"async\" src=\"http:\/\/www.ingeta.com\/wp-content\/uploads\/2012\/01\/Kisonga.jpg\" alt=\"\" title=\"Kisonga\" width=\"500\" height=\"348\" class=\"alignnone size-full wp-image-1067\" \/><\/p>\n<p>La Messe de ce matin \u00e0 l\u2019Eglise Saint Joseph de Matonge \u2013 paroisse symbolique o\u00f9 d\u00e9marra la Marche des Chr\u00e9tiens du 16 F\u00e9vrier 1992 \u2013 a vu une affluence exceptionnelle, de plus de 4000 chr\u00e9tiens dont beaucoup ont suivi la c\u00e9r\u00e9monie sacr\u00e9e \u00e0 partir de l\u2019ext\u00e9rieur du lieu saint, faute de place pour accueillir la foule arriv\u00e9e si nombreuse.<\/p>\n<p>Voici le r\u00e9sum\u00e9 de la Messe c\u00e9l\u00e9br\u00e9e par l\u2019Ev\u00eaque Kisonga, qui vient de donner une pr\u00e9dication tr\u00e8s significative, en ligne avec la tradition salvatrice de la parole ; en effet, Mons. Kisonge a expliqu\u00e9 que m\u00eame si toute autorit\u00e9 vient de Dieu, l\u2019exercice du pouvoir peut \u00eatre d\u00e9tourn\u00e9 par les hommes ; la premi\u00e8re lecture lue parlait justement du pouvoir de Sa\u00fcl d\u00e9tr\u00f4n\u00e9 par Dieu en faveur de David.<\/p>\n<p>Voil\u00e0 pourquoi il faut r\u00e9tablir la v\u00e9rit\u00e9 des urnes.<\/p>\n<p>En effet, s\u2019il est vrai qu\u2019il faut donner \u00e0 C\u00e9sar ce qui est \u00e0 C\u00e9sar, il faut aussi donner \u00e0 Dieu ce qui est \u00e0 Dieu.<br \/>\nLes Ev\u00eaques du Congo vont se r\u00e9unir pendant trois jours, \u00e0 partir de mercredi prochain, pour \u00e9tablir le Plan de l\u2019Eglise pour le r\u00e9tablissement de la L\u00e9gitimit\u00e9 et de la l\u00e9galit\u00e9.<br \/>\nTous les \u00ab M\u00e9moranda \u00bb des chr\u00e9tiens re\u00e7us par les Ev\u00eaques de toutes les provinces de la RDC seront \u00e9tudi\u00e9s afin que les Chr\u00e9tiens puissent avoir une ligne de conduite coh\u00e9rente \u00e0 retenir pour d\u00e9fendre la V\u00e9rit\u00e9 et la Justice.<\/p>\n<p>Les Ev\u00eaques ont rappel\u00e9 aux Chr\u00e9tiens leur engagement car \u00ab Le Congo est notre affaire, le Congo est mon affaire \u00bb.<br \/>\n\u201d L\u2019Eglise ne peut rester neutre fasse \u00e0 l\u2019injustice et que tout autorit\u00e9 qui vient de Dieu doit pratiquer la justice et la v\u00e9rit\u00e9 car dans le cas contraire elle n\u2019est pas de Dieu, donc nous n\u2019avons pas \u00e0 lui ob\u00e9ir\u201d ont-ils dit les c\u00e9l\u00e9brants.<\/p>\n<p>Et ils ajouteront que \u00ab mieux vaut dire la v\u00e9rit\u00e9 pour mourir que de dire des mensonges pour vivre \u00bb.<br \/>\nA partir de demain, d\u00e9j\u00e0, des s\u00e9minaires de formation seront lanc\u00e9s dans toutes les paroisses de la RDC pour \u00e9duquer les chr\u00e9tiens \u00e0 leur engagement de citoyens- croyants.<br \/>\nComme disait l\u2019ap\u00f4tre Pierre dans Les Actes des Ap\u00f4tre, 4<br \/>\n\u00ab Il vaut mieux ob\u00e9ir \u00e0 Dieu qu\u2019aux hommes \u00bb.<\/p>\n<p>Et aussi \u00ab Il ne faut pas craindre celui qui tue le corps (le pouvoir de l\u2019injustice) mais de craindre celui qui tue le corps et l\u2019\u00e2me (Dieu) aussi dans les Actes des Ap\u00f4tres.<br \/>\nComme disait aussi feu Cardinal Malula :<br \/>\n\u00ab Il vaut mieux \u00eatre crucifi\u00e9 \u00e0 cause de la v\u00e9rit\u00e9 que de mentir \u00bb.<br \/>\nManifestement :<\/p>\n<p>&#8211; L\u2019Eglise Catholique ne reconnait pas l\u2019\u00e9lection frauduleuse et ill\u00e9gitime d\u2019alias Joseph Kabila ;<br \/>\n&#8211; L\u2019Eglise Catholique s\u2019inscrit dans la d\u00e9marche de la tutelle des droits fondamentaux du peuple congolais ;<br \/>\n&#8211; Le travail d\u2019Observation de la Cenco et ses 30.000 observateurs sera d\u00e9voil\u00e9 et la V\u00e9rit\u00e9 des urnes port\u00e9e \u00e0 la connaissance de tous les congolais.<\/p>\n<p>Il faut noter l\u2019ambiance de joie dans l\u2019engagement chr\u00e9tien qui a anim\u00e9 la Messe d\u2019aujourd\u2019hui, avec des milliers de Chr\u00e9tiens pr\u00e9sents et en communion totale avec les p\u00e8res spirituels.<\/p>\n<p>Il sied de souligner la pr\u00e9sence de leader politique comme le Jacquemain Shabani, Franck Diongo, le Pr\u00e9sident Eug\u00e8ne Diomi Ndongala et beaucoup d\u2019autres.<\/p>\n<p>V\u00e9rit\u00e9 et Justice pour le Congo,<\/p>\n<p><em>Marc Mawete,<br \/>\nD\u00e9mocratie Chr\u00e9tienne,<br \/>\n\u00e0 Kinshasa,07\/01\/2012<\/em>\t\t<\/p>\n","protected":false},"excerpt":{"rendered":"<p>Source: Le journal Chr\u00e9tien. MESSE DU SAMEDI 07\/01\/2012 EGLISE SAINT JOSEPH A MATONGE \u2013 UNE LITURGIE DE LA PAROLE ET DE L\u2019ENGAGEMENT CHRETIEN POUR SAUVER LE CONGO La Messe de ce matin \u00e0 l\u2019Eglise Saint Joseph de Matonge \u2013 paroisse symbolique o\u00f9 d\u00e9marra la Marche des Chr\u00e9tiens du 16 F\u00e9vrier 1992 \u2013 a vu une [&hellip;]<\/p>\n","protected":false},"author":1,"featured_media":1067,"comment_status":"open","ping_status":"open","sticky":false,"template":"","format":"standard","meta":{"_acf_changed":false,"content-type":"","footnotes":""},"categories":[122,124],"tags":[],"class_list":["post-1066","post","type-post","status-publish","format-standard","has-post-thumbnail","hentry","category-news-alertes","category-politique-societe"],"acf":[],"_links":{"self":[{"href":"https:\/\/congolobilelo.com\/IN\/wp-json\/wp\/v2\/posts\/1066","targetHints":{"allow":["GET"]}}],"collection":[{"href":"https:\/\/congolobilelo.com\/IN\/wp-json\/wp\/v2\/posts"}],"about":[{"href":"https:\/\/congolobilelo.com\/IN\/wp-json\/wp\/v2\/types\/post"}],"author":[{"embeddable":true,"href":"https:\/\/congolobilelo.com\/IN\/wp-json\/wp\/v2\/users\/1"}],"replies":[{"embeddable":true,"href":"https:\/\/congolobilelo.com\/IN\/wp-json\/wp\/v2\/comments?post=1066"}],"version-history":[{"count":0,"href":"https:\/\/congolobilelo.com\/IN\/wp-json\/wp\/v2\/posts\/1066\/revisions"}],"wp:featuredmedia":[{"embeddable":true,"href":"https:\/\/congolobilelo.com\/IN\/wp-json\/"}],"wp:attachment":[{"href":"https:\/\/congolobilelo.com\/IN\/wp-json\/wp\/v2\/media?parent=1066"}],"wp:term":[{"taxonomy":"category","embeddable":true,"href":"https:\/\/congolobilelo.com\/IN\/wp-json\/wp\/v2\/categories?post=1066"},{"taxonomy":"post_tag","embeddable":true,"href":"https:\/\/congolobilelo.com\/IN\/wp-json\/wp\/v2\/tags?post=1066"}],"curies":[{"name":"wp","href":"https:\/\/api.w.org\/{rel}","templated":true}]}}