{"id":106,"date":"2011-12-17T16:45:12","date_gmt":"2011-12-17T16:45:12","guid":{"rendered":"http:\/\/ingeta.com\/?p=106"},"modified":"2011-12-17T16:45:12","modified_gmt":"2011-12-17T16:45:12","slug":"finalite-combat","status":"publish","type":"post","link":"https:\/\/congolobilelo.com\/IN\/finalite-combat\/","title":{"rendered":"La finalit\u00e9 de notre combat"},"content":{"rendered":"<p>\t\t\t\t<em>Suite \u00e0 nos diff\u00e9rents \u00e9changes, aux derni\u00e8res \u00e9volutions de l\u2019actualit\u00e9, et \u00e9galement aux diff\u00e9rentes demandes, j\u2019ai pens\u00e9 vous soumettre cette note, ce manifeste qui a pour but de donner une base, une ligne directrice (parmi d\u2019autres) pour les actions au niveau des diasporas.<\/em><\/p>\n<p><a href=\"http:\/\/ingeta.com\/wp-content\/uploads\/2011\/12\/bxl-protest.jpg\"><img loading=\"lazy\" decoding=\"async\" class=\"alignnone  wp-image-4\" title=\"bxl-protest\" src=\"http:\/\/ingeta.com\/wp-content\/uploads\/2011\/12\/bxl-protest.jpg\" alt=\"\" width=\"560\" height=\"350\" \/><\/a><\/p>\n<p><strong>Quelle est la finalit\u00e9 de notre combat ?<\/strong><br \/>\nIl s\u2019agit d\u2019un mouvement pour la lib\u00e9ration de la R\u00e9publique d\u00e9mocratique du Congo.<\/p>\n<p><strong>Pourquoi nous nous battons ?<\/strong><br \/>\nNous sommes d\u00e9termin\u00e9s \u00e0 mettre fin \u00e0 ce syst\u00e8me de pr\u00e9dation et de corruption qui :<br \/>\n-Pille nos ressources mini\u00e8res, naturelles et humaines<br \/>\n-Emp\u00eache tout d\u00e9veloppement durable de notre pays<br \/>\n-Condamne l\u2019avenir de nos populations<\/p>\n<p>Nous sommes d\u00e9termin\u00e9s \u00e0 mettre fin \u00e0 ce syst\u00e8me de pr\u00e9dation et de corruption qui :<br \/>\n-Fait de nous des citoyens de seconde zone dans les pays d\u2019asile nous sommes en raison du m\u00e9pris et de l\u2019indiff\u00e9rence que ces pays, leurs institutions et m\u00e9dias g\u00e9n\u00e8rent et alimentent.<br \/>\n-Fait de nous des \u00eatres humains de seconde zone dans la mondialisation<\/p>\n<p><strong>Que faut-il faire ?<\/strong><br \/>\nIls occupent notre pays, pillent et d\u00e9stabilisent nos ressources.<br \/>\nNOUS OCCUPONS LEURS ESPRITS ET D\u00c9STABILISONS LEURS CAPITAUX.<br \/>\nNous ne sommes pas l\u00e0 pour pr\u00e9senter un cahier de dol\u00e9ances, pour demander quoi que ce soit. Nous avons explor\u00e9 ces voies. Nous avons constat\u00e9 \u00e0 nos d\u00e9pens les r\u00e9sultats. Nous sommes l\u00e0 pour exposer une r\u00e9alit\u00e9 et la changer par tous les moyens n\u00e9cessaires.<\/p>\n<p><strong>Occuper les esprits ?<\/strong><br \/>\nQuand je parle d\u2019occuper les esprits, de quoi s\u2019agit-il ?<br \/>\nIl s\u2019agit d\u2019informer, sensibiliser, mobiliser et attirer l\u2019attention sur notre combat et nos actions. Il faut avoir en t\u00eate que les occidentaux ont peur de voir leur opinion s&#8217;int\u00e9resser de trop pr\u00e8s \u00e0 ce qui se passe chez nous. Et vous avez pu constater dans les m\u00e9dias comment ils nous ont ignor\u00e9.<br \/>\n&gt;Il faut occuper les esprits pour faire comprendre que notre combat est l\u00e9gitime et juste. Nous ne cherchons pas \u00e0 plaire mais \u00e0 faire passer notre message et gagner le respect \u00e0 la rigueur.<br \/>\n&gt;Il faut occuper les esprits pour pr\u00e9parer les mentalit\u00e9s aux diff\u00e9rentes actions que nous mettons et mettrons en place sur le terrain.<br \/>\n<em>L\u2019enjeu est double :<br \/>\n-Court-circuiter les m\u00e9dias en s\u2019adressant directement aux publics et aux opinions.<br \/>\n-Gagner un nombre toujours plus grand de personnes \u00e0 notre cause soit de mani\u00e8re positive (notre message relay\u00e9 et repris, nouveaux supporters et activistes qui nous rejoignent) soit de mani\u00e8re \u00ab n\u00e9gative \u00bb (lorsque des personnes r\u00e9agissent contre notre mouvement ou pour mettre fin \u00e0 nos actions par exemple)<\/em><\/p>\n<p><strong>D\u00e9stabiliser les capitaux ?<\/strong><br \/>\nIl s\u2019agit l\u00e0 d\u2019impacter tout ce qui touche \u00e0 l\u2019argent, aux finances, aux revenus, \u00e0 l\u2019image des institutions, des grandes entreprises et grandes marques qui ont un lieu direct ou indirect avec le Congo et\/ou les Congolais (&#8220;Pas de justice. Pas de profit&#8221;).<br \/>\nMener des actions de sitting ou autres dans les bourses, les si\u00e8ges de multinationales, organiser des boycotts cibl\u00e9s, ou bloquer les entr\u00e9es des grands magasins en ces p\u00e9riodes de f\u00eate sont juste des exemples. Mais, cette note a pour but de poser des grandes lignes directrices.<br \/>\n<em>&gt;En touchant aux capitaux, on perturbe les \u00e9conomies locales, r\u00e9gionales, nationales, internationales, m\u00eame si cela se produit \u00e0 la plus petite \u00e9chelle possible.<br \/>\n&gt;En touchant aux capitaux, on interpelle non seulement les d\u00e9cideurs politiques et \u00e9conomiques, mais aussi et surtout les diff\u00e9rents mouvements dans le monde aujourd\u2019hui qui ont d\u00e9cid\u00e9 \u00e9galement de s\u2019attaquer aux capitaux. Cela nous permettra, entre autres, de d\u00e9velopper des passerelles et des actions avec ces organisations.<\/em><\/p>\n<p><strong>Faut-il un leader (comment s\u2019organise-t-on)?<\/strong><br \/>\nSelon moi, nous n\u2019avons pas besoin de designer un ou des leaders, dans le sens de chef ou de guide. Par contre, nous avons besoin que chacun soit un leader, responsable dans la t\u00e2che dans laquelle la personne s\u2019investit.<br \/>\nNous avons besoin de tout le monde, de toutes les comp\u00e9tences et de toutes contributions. Personne n&#8217;est plus important qu&#8217;un autre.<br \/>\nLes domaines de comp\u00e9tences et d\u2019actions sont nombreux, nous devons inciter et motiver les gens \u00e0 s\u2019impliquer l\u00e0 o\u00f9 ils sont \u00e0 l\u2019aise, l\u00e0 o\u00f9 ils peuvent \u00eatre utiles, l\u00e0 o\u00f9 ils ont leur int\u00e9r\u00eat aussi. Quels domaines et actions ?<br \/>\n-Formaliser nos messages<br \/>\n-D\u00e9velopper notre argumentation (sur les raisons de notre combat)<br \/>\n-Mobiliser les gens pour les manifestations et rencontres<br \/>\n-Coordonner les actions et manifestations<br \/>\n-Prendre la parole en public<br \/>\n-R\u00e9aliser les flyers et les tracts<br \/>\n-Mettre en place et g\u00e9rer nos propres m\u00e9dias : site internet, lettre d\u2019information, magazine<br \/>\n-D\u00e9velopper des actions de relations presse et relations publique<br \/>\n-Organiser les actions de terrain<br \/>\n-Participer aux actions de terrain<br \/>\n-Assurer la logistique : nourriture, transport, photocopies, impressions, t\u00e9l\u00e9phone, acc\u00e8s internet<br \/>\n-Sensibiliser et guider nos jeunes<\/p>\n<p>La liste bien s\u00fbr n\u2019est pas exhaustive. Il s\u2019agit surtout de montrer qu\u2019il est possible de se regrouper en fonction de nos comp\u00e9tences et centres d\u2019int\u00e9r\u00eat.<br \/>\nLorsque nous nous rencontrons pendant les manifestations, il faut discuter entre nous, apprendre \u00e0 nous conna\u00eetre pour d\u00e9tecter les comp\u00e9tences et les motivations de chacun.<\/p>\n<p><strong>Quelle finalit\u00e9 ?<\/strong><br \/>\nLa finalit\u00e9 comme je l\u2019ai signal\u00e9 c\u2019est la lib\u00e9ration de la R\u00e9publique d\u00e9mocratique du Congo des forces d\u2019occupation et de corruption.<\/p>\n<p>&gt;Mais la finalit\u00e9 c\u2019est aussi que notre combat et notre mouvement soient utiles et b\u00e9n\u00e9fiques \u00e0 chacun d\u2019entre nous, \u00e0 chacune des personnes qui s\u2019y implique. Il faut que ce mouvement soit une bonne exp\u00e9rience pour chacun de nous. C\u2019est tout aussi important, parce que l\u2019objectif de la lib\u00e9ration est un processus qui peut durer, on ne sait pas le temps que \u00e7a prendra. Alors, il faut, pour \u00e9viter les d\u00e9mobilisations et les d\u00e9couragements, que le parcours et le temps qui y m\u00e8nent soient utilis\u00e9s \u00e0 bon escient. Cela veut dire que ce combat doit \u00eatre une opportunit\u00e9 de changer, d\u2019am\u00e9liorer le quotidien de chacun et\/ou de ses proches.<\/p>\n<p>Nous avons l\u00e0 une occasion de mat\u00e9rialiser notre solidarit\u00e9. C\u2019est le moment pour nous de nous entre-aider, de d\u00e9velopper des connections. Untel peut trouver un emploi \u00e0 un autre, untel peut aider un autre au niveau financier, untel peut participer \u00e0 l\u2019activit\u00e9 d\u2019un autre, untel peut trouver un stage au fils ou \u00e0 la fille d\u2019untel, etc, etc.<\/p>\n<p>&gt;La finalit\u00e9 c\u2019est aussi de cr\u00e9er et de faire \u00e9merger des communaut\u00e9s \u00e9conomiques congolaises fortes qui auront leur mot \u00e0 dire dans les d\u00e9cisions politiques, \u00e9conomiques et sociales qui se prendront l\u00e0 o\u00f9 ils sont. En d\u2019autres termes, nous avons l\u2019occasion l\u00e0 de d\u00e9velopper des groupes de pression et de lobbying concrets et efficaces pour notre objectif commun<\/p>\n<p>Nous avons toutes les comp\u00e9tences, nous sommes nombreux, nous avons montr\u00e9 notre solidarit\u00e9 et notre d\u00e9termination. Maintenant, il faut passer \u00e0 la vitesse sup\u00e9rieure. Et agir en ayant toujours en t\u00eate la finalit\u00e9 !<\/p>\n<p><strong><em>(Ingeta.com n&#8217;est pas responsable des actes r\u00e9pr\u00e9hensibles qui seraient commis lors des \u00e9v\u00e9nements annonc\u00e9s sur le site internet)<\/em><\/strong><\/p>\n<p>&nbsp;\t\t<\/p>\n","protected":false},"excerpt":{"rendered":"<p>Suite \u00e0 nos diff\u00e9rents \u00e9changes, aux derni\u00e8res \u00e9volutions de l\u2019actualit\u00e9, et \u00e9galement aux diff\u00e9rentes demandes, j\u2019ai pens\u00e9 vous soumettre cette note, ce manifeste qui a pour but de donner une base, une ligne directrice (parmi d\u2019autres) pour les actions au niveau des diasporas. Quelle est la finalit\u00e9 de notre combat ? Il s\u2019agit d\u2019un mouvement [&hellip;]<\/p>\n","protected":false},"author":1,"featured_media":4,"comment_status":"open","ping_status":"open","sticky":false,"template":"","format":"standard","meta":{"_acf_changed":false,"content-type":"","footnotes":""},"categories":[159],"tags":[],"class_list":["post-106","post","type-post","status-publish","format-standard","has-post-thumbnail","hentry","category-manifestes-memos"],"acf":[],"_links":{"self":[{"href":"https:\/\/congolobilelo.com\/IN\/wp-json\/wp\/v2\/posts\/106","targetHints":{"allow":["GET"]}}],"collection":[{"href":"https:\/\/congolobilelo.com\/IN\/wp-json\/wp\/v2\/posts"}],"about":[{"href":"https:\/\/congolobilelo.com\/IN\/wp-json\/wp\/v2\/types\/post"}],"author":[{"embeddable":true,"href":"https:\/\/congolobilelo.com\/IN\/wp-json\/wp\/v2\/users\/1"}],"replies":[{"embeddable":true,"href":"https:\/\/congolobilelo.com\/IN\/wp-json\/wp\/v2\/comments?post=106"}],"version-history":[{"count":0,"href":"https:\/\/congolobilelo.com\/IN\/wp-json\/wp\/v2\/posts\/106\/revisions"}],"wp:featuredmedia":[{"embeddable":true,"href":"https:\/\/congolobilelo.com\/IN\/wp-json\/"}],"wp:attachment":[{"href":"https:\/\/congolobilelo.com\/IN\/wp-json\/wp\/v2\/media?parent=106"}],"wp:term":[{"taxonomy":"category","embeddable":true,"href":"https:\/\/congolobilelo.com\/IN\/wp-json\/wp\/v2\/categories?post=106"},{"taxonomy":"post_tag","embeddable":true,"href":"https:\/\/congolobilelo.com\/IN\/wp-json\/wp\/v2\/tags?post=106"}],"curies":[{"name":"wp","href":"https:\/\/api.w.org\/{rel}","templated":true}]}}